{"id":10016,"date":"2025-01-30T00:00:27","date_gmt":"2025-01-30T00:00:27","guid":{"rendered":"https:\/\/www.diem.com.tr\/?p=10016"},"modified":"2025-01-30T08:12:00","modified_gmt":"2025-01-30T08:12:00","slug":"coworking-pazari-2030a-kadar-96-milyar-dolara-ulasacak-siz-hazir-misiniz","status":"publish","type":"post","link":"https:\/\/www.diem.com.tr\/en\/coworking-pazari-2030a-kadar-96-milyar-dolara-ulasacak-siz-hazir-misiniz\/","title":{"rendered":"Coworking Market to Reach $96 Billion by 2030! Are You Ready?"},"content":{"rendered":"<h3><strong>Studio Alliance Masterclass: The Future of Flexible Workspaces<\/strong><\/h3>\n<p class=\"translation-block\">Recently, as part of the first Masterclass event organised by Studio Alliance, we had the opportunity to attend an important session on flexible workspaces with Emma Swinnerton (Cushman &amp; Wakefield, EMEA Head of Flexible Workspace).<\/p>\n<p class=\"translation-block\">According to Fortune Business Insights, the flexible workspace market was valued at USD 30.72 billion in 2022 and is expected to reach USD 96.77 billion by 2030. Evaluating the opportunities offered by this rapidly growing market and its impact on our industry is of great importance to prepare our business models for the future<\/p>\n<p class=\"translation-block\">In this session, current trends in the coworking market in Europe, the dynamics of different markets and growth opportunities in the sector were discussed in detail.<\/p>\n<p><img fetchpriority=\"high\" decoding=\"async\" class=\"alignnone size-large wp-image-10019\" src=\"https:\/\/www.diem.com.tr\/wp-content\/uploads\/2025\/01\/masterclass-event-sa-1024x546.png\" alt=\"\" width=\"1024\" height=\"546\" srcset=\"https:\/\/www.diem.com.tr\/wp-content\/uploads\/2025\/01\/masterclass-event-sa-1024x546.png 1024w, https:\/\/www.diem.com.tr\/wp-content\/uploads\/2025\/01\/masterclass-event-sa-300x160.png 300w, https:\/\/www.diem.com.tr\/wp-content\/uploads\/2025\/01\/masterclass-event-sa-768x409.png 768w, https:\/\/www.diem.com.tr\/wp-content\/uploads\/2025\/01\/masterclass-event-sa-18x10.png 18w, https:\/\/www.diem.com.tr\/wp-content\/uploads\/2025\/01\/masterclass-event-sa-440x234.png 440w, https:\/\/www.diem.com.tr\/wp-content\/uploads\/2025\/01\/masterclass-event-sa.png 1323w\" sizes=\"(max-width: 1024px) 100vw, 1024px\" \/><\/p>\n<h2><strong>Post-Pandemic Office Use and the Rise of Flexible Workplaces<\/strong><\/h2>\n<p>After the pandemic, working dynamics have undergone a radical change. <strong>The transition from the traditional office model to hybrid working<\/strong>has caused employees and companies to redefine their office needs. <strong>Research shows that more than 50% of employees in the EMEA region prefer to work in the office 1-4 days a week.<\/strong><\/p>\n<p class=\"translation-block\">Companies are looking to make their offices more <strong>flexible, scalable and cost-efficient.<\/strong> At this point, flexible workspaces are becoming attractive for both large companies and startups as they offer more flexibility compared to traditional leases.<\/p>\n<p class=\"translation-block\">Especially<strong> large corporate companies are turning to flexible office solutions instead of entering into long-term lease agreements considering future uncertainties. <\/strong>This makes flexible workspaces an increasingly important business model for both investors and property owners.<\/p>\n<h3><strong>Global Trends in Flexible Workplaces<\/strong><\/h3>\n<p class=\"translation-block\">In line with the information provided by Emma Swinnerton, recent trends in the <strong>flexible workspace market in Europe can be summarised as follows:<\/strong><\/p>\n<h4>1\ufe0f\u20e3 <strong>Flexible Workspaces Become the Cornerstone of the Hybrid Work Model<\/strong><\/h4>\n<p class=\"translation-block\">Companies now offer their employees not only office or telecommuting options, but also the opportunity to use different flexible spaces. Flexible workspaces are expected to become a standard in large office buildings.<\/p>\n<h4>2\ufe0f\u20e3 <strong>Location of Offices Gains Importance<\/strong><\/h4>\n<p class=\"translation-block\">Although it is thought that people preferred workspaces close to their homes during the pandemic, it was observed that office demand has largely returned to central business districts (CBD)<\/p>\n<p class=\"translation-block\">Especially in big cities, buildings that offer flexible office spaces are more in demand than others. If one of the two buildings in the same location offers flexible working space while the other does not, tenants prefer the building that offers more flexible solutions.<\/p>\n<h4>3\ufe0f\u20e3 <strong>Property Owners Invest More in Flexible Office Management<\/strong><\/h4>\n<p class=\"translation-block\">Flexible workspace management, previously left to third-party operators, is now being managed directly by property owners. This is starting a new wave of transformation in the property sector.<\/p>\n<h4>4\ufe0f\u20e3 <strong>Management Models Are Changing<\/strong><\/h4>\n<p class=\"translation-block\">Instead of traditional long-term leases, the \u2018Management Agreements\u2019 model comes to the fore. In this model, the majority of the risk is borne by the property owner, while the operator works on a revenue-sharing basis.<\/p>\n<p class=\"translation-block\">In addition, hybrid rental models are emerging. Here, in addition to a fixed rental price, a revenue sharing based on the performance of the flexible space is applied.<\/p>\n<h3><strong>Flexible Workspaces Market Overview by Country<\/strong><\/h3>\n<p>\ud83d\udccd <a href=\"https:\/\/www.cushmanwakefield.com\/en\/united-kingdom\/insights\/inclusive-cities-barometer\" target=\"_blank\" rel=\"noopener\"><strong>United Kingdom<\/strong><\/a>In the UK, which has the most mature flexible office market in Europe, <strong>the market is still growing and management agreements are becoming increasingly common.<\/strong><\/p>\n<p><img decoding=\"async\" class=\"alignnone size-full wp-image-10024\" src=\"https:\/\/www.diem.com.tr\/wp-content\/uploads\/2025\/01\/masterclass-event-sa-pc.png\" alt=\"\" width=\"616\" height=\"282\" srcset=\"https:\/\/www.diem.com.tr\/wp-content\/uploads\/2025\/01\/masterclass-event-sa-pc.png 616w, https:\/\/www.diem.com.tr\/wp-content\/uploads\/2025\/01\/masterclass-event-sa-pc-300x137.png 300w, https:\/\/www.diem.com.tr\/wp-content\/uploads\/2025\/01\/masterclass-event-sa-pc-18x8.png 18w, https:\/\/www.diem.com.tr\/wp-content\/uploads\/2025\/01\/masterclass-event-sa-pc-440x201.png 440w\" sizes=\"(max-width: 616px) 100vw, 616px\" \/><\/p>\n<p>\ud83d\udccd <strong>Germany<\/strong>: The flexible office market in Germany is <strong>distributed among major cities such as Berlin, Munich and Frankfurt<\/strong>. However, it is stated that the growth rate is slower than in the UK due to low vacancy rates.<\/p>\n<p>\ud83d\udccd <strong>Spain<\/strong>: In Spain, the growth of flexible offices is <strong>mostly driven by local initiatives<\/strong> and management agreements are not yet widespread.<\/p>\n<p>\ud83d\udccd<a href=\"https:\/\/www.cushmanwakefield.com\/en\/india\/insights\/from-flex-to-managed-evolution-of-the-flex-space-industry\" target=\"_blank\" rel=\"noopener\"> <strong>India<\/strong><\/a>: <strong>In India, one of the fastest growing flexible office markets in the world,<\/strong>demand is largely <strong>based on the \u2018managed space\u2019<\/strong> model. <strong>Global companies are turning towards flexible offices in this model due to the advantage of rapid scalability.<\/strong><\/p>\n<h3><strong>ESG (Environmental, Social and Governance) and Flexible Offices<\/strong><\/h3>\n<p>ESG is becoming one of the key elements determining the future of the property sector. <strong>Particularly in European cities, flexible working spaces are seen to boost economic vitality.<\/strong><\/p>\n<p class=\"translation-block\">However, it was emphasised that there is still room for improvement in terms of social inclusion. Suggested strategies for this include creating flexible office spaces that appeal to more diverse work groups and diversifying pricing strategies.<\/p>\n<h3><strong>New Opportunities for Fit-Out Companies<\/strong><\/h3>\n<p class=\"translation-block\">The rise of flexible working spaces offers a great opportunity for companies operating in the field of architecture and interior design.<\/p>\n<p>Flexible office operators have three basic expectations for successful fit-out projects:<\/p>\n<p>\ud83d\udd39 <strong>Space efficiency<\/strong>: Optimised designs that provide more desk and work space.<br \/>\n\ud83d\udd39 <strong>Cost-effective solutions<\/strong>: To develop cost-effective fit-out projects while maintaining aesthetics and functionality.<br \/>\n\ud83d\udd39 <strong>Sustainability orientated designs<\/strong>: Environmentally friendly materials and energy efficient solutions in accordance with ESG criteria.<\/p>\n<p><img decoding=\"async\" class=\"alignnone size-full wp-image-10025\" src=\"https:\/\/www.diem.com.tr\/wp-content\/uploads\/2025\/01\/masterclass-event-sa-pc2.png\" alt=\"\" width=\"597\" height=\"337\" srcset=\"https:\/\/www.diem.com.tr\/wp-content\/uploads\/2025\/01\/masterclass-event-sa-pc2.png 597w, https:\/\/www.diem.com.tr\/wp-content\/uploads\/2025\/01\/masterclass-event-sa-pc2-300x169.png 300w, https:\/\/www.diem.com.tr\/wp-content\/uploads\/2025\/01\/masterclass-event-sa-pc2-18x10.png 18w, https:\/\/www.diem.com.tr\/wp-content\/uploads\/2025\/01\/masterclass-event-sa-pc2-440x248.png 440w\" sizes=\"(max-width: 597px) 100vw, 597px\" \/><\/p>\n<h2><strong>Conclusion: The Future of Flexible Workplaces<\/strong><\/h2>\n<p>The workspace market continues to grow rapidly and is becoming one of the most important trends shaping the future of the business world.<\/p>\n<p class=\"translation-block\">Flexibility, scalability and ESG compliance are more important than ever for companies, property owners and business development professionals.<\/p>\n<p class=\"translation-block\">Businesses that follow this trend will gain competitive advantage and strengthen their market position with the right collaborations and strategies.<\/p>","protected":false},"excerpt":{"rendered":"<p>Studio Alliance Masterclass: Esnek \u00c7al\u0131\u015fma Alanlar\u0131n\u0131n Gelece\u011fi Ge\u00e7ti\u011fimiz g\u00fcnlerde Studio Alliance taraf\u0131ndan d\u00fczenlenen ilk Masterclass etkinli\u011fi kapsam\u0131nda, Emma Swinnerton (Cushman &amp; Wakefield, EMEA Head of Flexible Workspace) ile esnek \u00e7al\u0131\u015fma alanlar\u0131 \u00fczerine \u00f6nemli bir oturuma kat\u0131lma f\u0131rsat\u0131 bulduk. Fortune Business [&hellip;]<\/p>\n","protected":false},"author":1,"featured_media":8869,"comment_status":"open","ping_status":"open","sticky":false,"template":"","format":"standard","meta":{"om_disable_all_campaigns":false,"_monsterinsights_skip_tracking":false,"_monsterinsights_sitenote_active":false,"_monsterinsights_sitenote_note":"","_monsterinsights_sitenote_category":0,"footnotes":""},"categories":[65,74],"tags":[],"class_list":["post-10016","post","type-post","status-publish","format-standard","has-post-thumbnail","hentry","category-haber","category-studio-alliance"],"aioseo_notices":[],"_links":{"self":[{"href":"https:\/\/www.diem.com.tr\/en\/wp-json\/wp\/v2\/posts\/10016","targetHints":{"allow":["GET"]}}],"collection":[{"href":"https:\/\/www.diem.com.tr\/en\/wp-json\/wp\/v2\/posts"}],"about":[{"href":"https:\/\/www.diem.com.tr\/en\/wp-json\/wp\/v2\/types\/post"}],"author":[{"embeddable":true,"href":"https:\/\/www.diem.com.tr\/en\/wp-json\/wp\/v2\/users\/1"}],"replies":[{"embeddable":true,"href":"https:\/\/www.diem.com.tr\/en\/wp-json\/wp\/v2\/comments?post=10016"}],"version-history":[{"count":9,"href":"https:\/\/www.diem.com.tr\/en\/wp-json\/wp\/v2\/posts\/10016\/revisions"}],"predecessor-version":[{"id":10030,"href":"https:\/\/www.diem.com.tr\/en\/wp-json\/wp\/v2\/posts\/10016\/revisions\/10030"}],"wp:featuredmedia":[{"embeddable":true,"href":"https:\/\/www.diem.com.tr\/en\/wp-json\/wp\/v2\/media\/8869"}],"wp:attachment":[{"href":"https:\/\/www.diem.com.tr\/en\/wp-json\/wp\/v2\/media?parent=10016"}],"wp:term":[{"taxonomy":"category","embeddable":true,"href":"https:\/\/www.diem.com.tr\/en\/wp-json\/wp\/v2\/categories?post=10016"},{"taxonomy":"post_tag","embeddable":true,"href":"https:\/\/www.diem.com.tr\/en\/wp-json\/wp\/v2\/tags?post=10016"}],"curies":[{"name":"wp","href":"https:\/\/api.w.org\/{rel}","templated":true}]}}