{"id":10254,"date":"2025-04-30T16:31:03","date_gmt":"2025-04-30T13:31:03","guid":{"rendered":"https:\/\/www.diem.com.tr\/?p=10254"},"modified":"2025-05-05T18:21:05","modified_gmt":"2025-05-05T15:21:05","slug":"informa-istanbul-ofis-projesi","status":"publish","type":"post","link":"https:\/\/www.diem.com.tr\/en\/informa-istanbul-ofis-projesi\/","title":{"rendered":"Informa Istanbul Office: A Modern, Flexible and Nature-Friendly Workspace"},"content":{"rendered":"<p class=\"\" data-start=\"453\" data-end=\"763\"><strong data-start=\"453\" data-end=\"473\">Location<\/strong> Nida Kule Levent, Kat 4 \u2013 \u0130stanbul<br data-start=\"508\" data-end=\"511\" \/><strong data-start=\"511\" data-end=\"523\">Employer:<\/strong> Informa Group Plc<br data-start=\"541\" data-end=\"544\" \/><strong data-start=\"544\" data-end=\"559\">Project Type:<\/strong> Ofis Fit-out Uygulamas\u0131<br data-start=\"583\" data-end=\"586\" \/><strong data-start=\"586\" data-end=\"603\">Project Duration:<\/strong> 09.2024 \u2013 12.2024<br data-start=\"627\" data-end=\"630\" \/><strong data-start=\"630\" data-end=\"646\">Area:<\/strong> 900 m\u00b2<br data-start=\"653\" data-end=\"656\" \/><strong data-start=\"656\" data-end=\"676\">General Contractor:<\/strong> Diem M\u00fchendislik Mimarl\u0131k<br data-start=\"702\" data-end=\"705\" \/><strong data-start=\"705\" data-end=\"717\">Design:<\/strong> Jeyan \u00dclk\u00fc<br data-start=\"728\" data-end=\"731\" \/><strong data-start=\"731\" data-end=\"747\">Photographer:<\/strong> \u0130brahim \u00d6zbunar<\/p>\n<hr class=\"\" data-start=\"765\" data-end=\"768\" \/>\n<h2>New Generation Approach in Office Design<\/h2>\n<p>This office project, realised for Informa Group Plc, aimed to create a space that is compatible with the corporate identity, sensitive to employee needs and with high aesthetic values. This 900 m\u00b2 new generation workspace stands out with its open plan layout, calming colour palette and flexible usage scenarios.<\/p>\n<p data-start=\"817\" data-end=\"1237\">\u00a0<img fetchpriority=\"high\" decoding=\"async\" class=\"alignnone size-large wp-image-10213\" src=\"https:\/\/www.diem.com.tr\/wp-content\/uploads\/2025\/04\/20250223_diem_informa-16-1024x768.jpg\" alt=\"\" width=\"1024\" height=\"768\" srcset=\"https:\/\/www.diem.com.tr\/wp-content\/uploads\/2025\/04\/20250223_diem_informa-16-1024x768.jpg 1024w, https:\/\/www.diem.com.tr\/wp-content\/uploads\/2025\/04\/20250223_diem_informa-16-300x225.jpg 300w, https:\/\/www.diem.com.tr\/wp-content\/uploads\/2025\/04\/20250223_diem_informa-16-768x576.jpg 768w, https:\/\/www.diem.com.tr\/wp-content\/uploads\/2025\/04\/20250223_diem_informa-16-1536x1152.jpg 1536w, https:\/\/www.diem.com.tr\/wp-content\/uploads\/2025\/04\/20250223_diem_informa-16-2048x1536.jpg 2048w, https:\/\/www.diem.com.tr\/wp-content\/uploads\/2025\/04\/20250223_diem_informa-16-16x12.jpg 16w, https:\/\/www.diem.com.tr\/wp-content\/uploads\/2025\/04\/20250223_diem_informa-16-440x330.jpg 440w\" sizes=\"(max-width: 1024px) 100vw, 1024px\" \/><\/p>\n<h2>Design Concept: Calmness, Openness and Flexibility<\/h2>\n<p>The project was shaped by considering both Informa's brand values and employee habits. The natural materials and warm tones used aim to offer a comfortable, friendly and professional atmosphere to the user in open office spaces.<\/p>\n<h3>Material and Colour Selection<\/h3>\n<p>Wood textured panels, simple floor coverings and organic transitional forms provide both spatial integrity and warmth. In addition to white and wood tones, the corporate identity was successfully integrated into the interior by using brand-specific blue tones in a balanced way.<\/p>\n<h2>Functional Areas<\/h2>\n<ul>\n<li>\n<h3>Entrance and Welcome Area<\/h3>\n<\/li>\n<\/ul>\n<h2 data-start=\"2270\" data-end=\"2312\"><img decoding=\"async\" class=\"alignnone size-large wp-image-10200\" src=\"https:\/\/www.diem.com.tr\/wp-content\/uploads\/2025\/04\/20250223_diem_informa-11-1024x768.jpg\" alt=\"\" width=\"1024\" height=\"768\" srcset=\"https:\/\/www.diem.com.tr\/wp-content\/uploads\/2025\/04\/20250223_diem_informa-11-1024x768.jpg 1024w, https:\/\/www.diem.com.tr\/wp-content\/uploads\/2025\/04\/20250223_diem_informa-11-300x225.jpg 300w, https:\/\/www.diem.com.tr\/wp-content\/uploads\/2025\/04\/20250223_diem_informa-11-768x576.jpg 768w, https:\/\/www.diem.com.tr\/wp-content\/uploads\/2025\/04\/20250223_diem_informa-11-1536x1152.jpg 1536w, https:\/\/www.diem.com.tr\/wp-content\/uploads\/2025\/04\/20250223_diem_informa-11-2048x1536.jpg 2048w, https:\/\/www.diem.com.tr\/wp-content\/uploads\/2025\/04\/20250223_diem_informa-11-16x12.jpg 16w, https:\/\/www.diem.com.tr\/wp-content\/uploads\/2025\/04\/20250223_diem_informa-11-440x330.jpg 440w\" sizes=\"(max-width: 1024px) 100vw, 1024px\" \/><\/h2>\n<p>The entrance, defined by wooden arch details and oval transitional ceiling-tile alignments, welcomes the visitor with a soft and natural flow.<\/p>\n<ul>\n<li>\n<h3>Phone Boots &amp; Quiet Areas<\/h3>\n<\/li>\n<\/ul>\n<p><img decoding=\"async\" class=\"alignnone size-large wp-image-10279\" src=\"https:\/\/www.diem.com.tr\/wp-content\/uploads\/2025\/04\/Diem_Informa-Levent-2-1024x768.jpg\" alt=\"\" width=\"1024\" height=\"768\" srcset=\"https:\/\/www.diem.com.tr\/wp-content\/uploads\/2025\/04\/Diem_Informa-Levent-2-1024x768.jpg 1024w, https:\/\/www.diem.com.tr\/wp-content\/uploads\/2025\/04\/Diem_Informa-Levent-2-300x225.jpg 300w, https:\/\/www.diem.com.tr\/wp-content\/uploads\/2025\/04\/Diem_Informa-Levent-2-768x576.jpg 768w, https:\/\/www.diem.com.tr\/wp-content\/uploads\/2025\/04\/Diem_Informa-Levent-2-1536x1152.jpg 1536w, https:\/\/www.diem.com.tr\/wp-content\/uploads\/2025\/04\/Diem_Informa-Levent-2-2048x1536.jpg 2048w, https:\/\/www.diem.com.tr\/wp-content\/uploads\/2025\/04\/Diem_Informa-Levent-2-16x12.jpg 16w, https:\/\/www.diem.com.tr\/wp-content\/uploads\/2025\/04\/Diem_Informa-Levent-2-440x330.jpg 440w\" sizes=\"(max-width: 1024px) 100vw, 1024px\" \/><\/p>\n<p>These private areas, which support the open office plan, are designed to meet the individual needs of the employees in a way to provide sound insulation and privacy.<\/p>\n<ul>\n<li>\n<h3>Tech Bar &amp; Social Area<\/h3>\n<\/li>\n<\/ul>\n<p><img loading=\"lazy\" decoding=\"async\" class=\"alignnone size-large wp-image-10201\" src=\"https:\/\/www.diem.com.tr\/wp-content\/uploads\/2025\/04\/20250223_diem_informa-14-1024x768.jpg\" alt=\"\" width=\"1024\" height=\"768\" srcset=\"https:\/\/www.diem.com.tr\/wp-content\/uploads\/2025\/04\/20250223_diem_informa-14-1024x768.jpg 1024w, https:\/\/www.diem.com.tr\/wp-content\/uploads\/2025\/04\/20250223_diem_informa-14-300x225.jpg 300w, https:\/\/www.diem.com.tr\/wp-content\/uploads\/2025\/04\/20250223_diem_informa-14-768x576.jpg 768w, https:\/\/www.diem.com.tr\/wp-content\/uploads\/2025\/04\/20250223_diem_informa-14-1536x1152.jpg 1536w, https:\/\/www.diem.com.tr\/wp-content\/uploads\/2025\/04\/20250223_diem_informa-14-2048x1536.jpg 2048w, https:\/\/www.diem.com.tr\/wp-content\/uploads\/2025\/04\/20250223_diem_informa-14-16x12.jpg 16w, https:\/\/www.diem.com.tr\/wp-content\/uploads\/2025\/04\/20250223_diem_informa-14-440x330.jpg 440w\" sizes=\"(max-width: 1024px) 100vw, 1024px\" \/><\/p>\n<p>The Tech Bar area, which not only supports social interaction, but also functions as a rest and meeting point, where employees can manage technical equipment such as AV systems, cameras and access points.<\/p>\n<ul>\n<li>\n<h3>Rest Corners<\/h3>\n<\/li>\n<\/ul>\n<h3 data-start=\"3427\" data-end=\"3483\"><img loading=\"lazy\" decoding=\"async\" class=\"alignnone size-large wp-image-10202\" src=\"https:\/\/www.diem.com.tr\/wp-content\/uploads\/2025\/04\/20250223_diem_informa-20-1024x875.jpg\" alt=\"\" width=\"1024\" height=\"875\" srcset=\"https:\/\/www.diem.com.tr\/wp-content\/uploads\/2025\/04\/20250223_diem_informa-20-1024x875.jpg 1024w, https:\/\/www.diem.com.tr\/wp-content\/uploads\/2025\/04\/20250223_diem_informa-20-300x256.jpg 300w, https:\/\/www.diem.com.tr\/wp-content\/uploads\/2025\/04\/20250223_diem_informa-20-768x656.jpg 768w, https:\/\/www.diem.com.tr\/wp-content\/uploads\/2025\/04\/20250223_diem_informa-20-1536x1312.jpg 1536w, https:\/\/www.diem.com.tr\/wp-content\/uploads\/2025\/04\/20250223_diem_informa-20-2048x1750.jpg 2048w, https:\/\/www.diem.com.tr\/wp-content\/uploads\/2025\/04\/20250223_diem_informa-20-14x12.jpg 14w, https:\/\/www.diem.com.tr\/wp-content\/uploads\/2025\/04\/20250223_diem_informa-20-440x376.jpg 440w\" sizes=\"(max-width: 1024px) 100vw, 1024px\" \/><\/h3>\n<p>Comfortable seating areas placed at different points in the open office offer employees the opportunity to breathe for short breaks.<\/p>\n<ul>\n<li>\n<h3>Meeting Space: Flexible and Convertible<\/h3>\n<\/li>\n<\/ul>\n<p><img loading=\"lazy\" decoding=\"async\" class=\"alignnone size-large wp-image-10278\" src=\"https:\/\/www.diem.com.tr\/wp-content\/uploads\/2025\/04\/Diem_Informa-Levent-1-1024x938.jpg\" alt=\"\" width=\"1024\" height=\"938\" srcset=\"https:\/\/www.diem.com.tr\/wp-content\/uploads\/2025\/04\/Diem_Informa-Levent-1-1024x938.jpg 1024w, https:\/\/www.diem.com.tr\/wp-content\/uploads\/2025\/04\/Diem_Informa-Levent-1-300x275.jpg 300w, https:\/\/www.diem.com.tr\/wp-content\/uploads\/2025\/04\/Diem_Informa-Levent-1-768x703.jpg 768w, https:\/\/www.diem.com.tr\/wp-content\/uploads\/2025\/04\/Diem_Informa-Levent-1-1536x1407.jpg 1536w, https:\/\/www.diem.com.tr\/wp-content\/uploads\/2025\/04\/Diem_Informa-Levent-1-2048x1876.jpg 2048w, https:\/\/www.diem.com.tr\/wp-content\/uploads\/2025\/04\/Diem_Informa-Levent-1-13x12.jpg 13w, https:\/\/www.diem.com.tr\/wp-content\/uploads\/2025\/04\/Diem_Informa-Levent-1-440x403.jpg 440w\" sizes=\"(max-width: 1024px) 100vw, 1024px\" \/><\/p>\n<p>Thanks to the acoustic movable panel system, two separate meeting rooms can be combined into one large hall when necessary. The writable glass wall supports collective thinking by providing a surface that encourages interaction.<\/p>\n<h2>User Experience and Ease of Navigation<\/h2>\n<p>The priority in the planning process was the user experience and a fluid circulation between spaces. The sense of height supported by open ceilings, the use of natural light and a simple colour palette created an environment where employees can work in a peaceful and focused way.<\/p>\n<h3 data-start=\"3121\" data-end=\"3159\"><img loading=\"lazy\" decoding=\"async\" class=\"alignnone size-large wp-image-10205\" src=\"https:\/\/www.diem.com.tr\/wp-content\/uploads\/2025\/04\/20250223_diem_informa-17-1024x768.jpg\" alt=\"\" width=\"1024\" height=\"768\" srcset=\"https:\/\/www.diem.com.tr\/wp-content\/uploads\/2025\/04\/20250223_diem_informa-17-1024x768.jpg 1024w, https:\/\/www.diem.com.tr\/wp-content\/uploads\/2025\/04\/20250223_diem_informa-17-300x225.jpg 300w, https:\/\/www.diem.com.tr\/wp-content\/uploads\/2025\/04\/20250223_diem_informa-17-768x576.jpg 768w, https:\/\/www.diem.com.tr\/wp-content\/uploads\/2025\/04\/20250223_diem_informa-17-1536x1152.jpg 1536w, https:\/\/www.diem.com.tr\/wp-content\/uploads\/2025\/04\/20250223_diem_informa-17-2048x1536.jpg 2048w, https:\/\/www.diem.com.tr\/wp-content\/uploads\/2025\/04\/20250223_diem_informa-17-16x12.jpg 16w, https:\/\/www.diem.com.tr\/wp-content\/uploads\/2025\/04\/20250223_diem_informa-17-440x330.jpg 440w\" sizes=\"(max-width: 1024px) 100vw, 1024px\" \/><\/h3>\n<h2>The Role of Diem: Quality and Coordinated Implementation<\/h2>\n<p>As the general contractor of the project, Diem successfully managed all the processes of interior design applications. All material procurement, detail analyses and field applications were completed in a complete manner by adhering to the design integrity. Thanks to the disciplined work follow-up and strong team coordination throughout the project, high quality delivery was achieved within the targeted time.<\/p>\n<h3 class=\"\" data-start=\"215\" data-end=\"245\">Message from our Project Manager<\/h3>\n<h4 data-start=\"247\" data-end=\"303\">Bora Er\u015fen - Project Manager, Diem M\u00fchendislik Mimarl\u0131k<\/h4>\n<p><em>\u201cWith Informa project, we are happy to execute the correct design with right execution planning.\nIn this project, in which many domestic and foreign companies participated, effective communication and time management were key to the success of all my friends.\nSatisfaction of our customers and all related parties is the measure of our success\nI\u2019d like to congratulate all my colleagues for their outstanding work. Well done!\u201d<\/em><\/p>\n<h2>Conclusion: More than an office, a living space<\/h2>\n<p>Informa Istanbul Office stands out not only as a workspace but also as a living space that supports employee engagement, motivation and collaboration. Successfully combining aesthetics, function and user experience, this project has taken its place as an indicator of Diem's expert application power.<\/p>","protected":false},"excerpt":{"rendered":"<p>Konum: Nida Kule Levent, Kat 4 \u2013 \u0130stanbul\u0130\u015fveren: Informa Group PlcProje T\u00fcr\u00fc: Ofis Fit-out Uygulamas\u0131Proje S\u00fcresi: 09.2024 \u2013 12.2024Toplam Alan: 900 m\u00b2Genel Y\u00fcklenici: Diem M\u00fchendislik Mimarl\u0131kTasar\u0131m: Jeyan \u00dclk\u00fcFoto\u011fraflar: \u0130brahim \u00d6zbunar Ofis Tasar\u0131m\u0131nda Yeni Nesil Yakla\u015f\u0131m Informa Group Plc i\u00e7in hayata [&hellip;]<\/p>\n","protected":false},"author":1,"featured_media":10199,"comment_status":"open","ping_status":"open","sticky":false,"template":"","format":"standard","meta":{"om_disable_all_campaigns":false,"_monsterinsights_skip_tracking":false,"_monsterinsights_sitenote_active":false,"_monsterinsights_sitenote_note":"","_monsterinsights_sitenote_category":0,"footnotes":""},"categories":[63],"tags":[],"class_list":["post-10254","post","type-post","status-publish","format-standard","has-post-thumbnail","hentry","category-case-study"],"aioseo_notices":[],"_links":{"self":[{"href":"https:\/\/www.diem.com.tr\/en\/wp-json\/wp\/v2\/posts\/10254","targetHints":{"allow":["GET"]}}],"collection":[{"href":"https:\/\/www.diem.com.tr\/en\/wp-json\/wp\/v2\/posts"}],"about":[{"href":"https:\/\/www.diem.com.tr\/en\/wp-json\/wp\/v2\/types\/post"}],"author":[{"embeddable":true,"href":"https:\/\/www.diem.com.tr\/en\/wp-json\/wp\/v2\/users\/1"}],"replies":[{"embeddable":true,"href":"https:\/\/www.diem.com.tr\/en\/wp-json\/wp\/v2\/comments?post=10254"}],"version-history":[{"count":17,"href":"https:\/\/www.diem.com.tr\/en\/wp-json\/wp\/v2\/posts\/10254\/revisions"}],"predecessor-version":[{"id":10287,"href":"https:\/\/www.diem.com.tr\/en\/wp-json\/wp\/v2\/posts\/10254\/revisions\/10287"}],"wp:featuredmedia":[{"embeddable":true,"href":"https:\/\/www.diem.com.tr\/en\/wp-json\/wp\/v2\/media\/10199"}],"wp:attachment":[{"href":"https:\/\/www.diem.com.tr\/en\/wp-json\/wp\/v2\/media?parent=10254"}],"wp:term":[{"taxonomy":"category","embeddable":true,"href":"https:\/\/www.diem.com.tr\/en\/wp-json\/wp\/v2\/categories?post=10254"},{"taxonomy":"post_tag","embeddable":true,"href":"https:\/\/www.diem.com.tr\/en\/wp-json\/wp\/v2\/tags?post=10254"}],"curies":[{"name":"wp","href":"https:\/\/api.w.org\/{rel}","templated":true}]}}