{"id":10319,"date":"2025-06-17T11:09:44","date_gmt":"2025-06-17T08:09:44","guid":{"rendered":"https:\/\/www.diem.com.tr\/?p=10319"},"modified":"2025-06-24T09:21:58","modified_gmt":"2025-06-24T06:21:58","slug":"verimli-ve-esnek-calisma-alanlari-nasil-tasarlanmali-yeni-nesil-ofisler-icin-5-strateji","status":"publish","type":"post","link":"https:\/\/www.diem.com.tr\/en\/verimli-ve-esnek-calisma-alanlari-nasil-tasarlanmali-yeni-nesil-ofisler-icin-5-strateji\/","title":{"rendered":"How to Design Efficient and Flexible Workspaces? 5 Strategies for New Generation Offices"},"content":{"rendered":"<h1>Neden \u00c7al\u0131\u015fma Alanlar\u0131n\u0131 Yeniden Tasarlamal\u0131y\u0131z?<\/h1>\n<p>Pandemi sonras\u0131 i\u015f d\u00fcnyas\u0131nda k\u00f6kl\u00fc de\u011fi\u015fimler ya\u015fan\u0131yor. Art\u0131k \u00e7al\u0131\u015fanlar ofise yaln\u0131zca \u201cmasa ba\u015f\u0131nda oturmak\u201d i\u00e7in de\u011fil, birlikte \u00fcretmek, sosyalle\u015fmek ve ilham almak i\u00e7in geliyor. Bu d\u00f6n\u00fc\u015f\u00fcm, ofis tasar\u0131mlar\u0131n\u0131 da yeniden d\u00fc\u015f\u00fcnmeyi zorunlu k\u0131l\u0131yor. Gensler\u2019\u0131n 2025 K\u00fcresel \u00c7al\u0131\u015fma Anketi, yeni nesil ofislerin nas\u0131l olmas\u0131 gerekti\u011fine dair \u00f6nemli ipu\u00e7lar\u0131 sunuyor.<\/p>\n<h2>1. Verimlili\u011fi Art\u0131ran Mekanlar Olu\u015fturun<\/h2>\n<p>Odaklanmay\u0131 ve i\u015f birli\u011fini destekleyen alanlar sunmak, ofislerin en temel g\u00f6revi. Gensler\u2019a g\u00f6re, \u00e7al\u0131\u015fanlar en \u00e7ok bireysel \u00e7al\u0131\u015fmaya uygun sessiz alanlar\u0131n eksikli\u011finden \u015fikayet ediyor. G\u00fcr\u00fclt\u00fc seviyesi kontrol\u00fc, do\u011fal \u0131\u015f\u0131k ve ergonomik d\u00fczenlemeler verimlili\u011fi ciddi oranda art\u0131r\u0131yor.<\/p>\n<h2>2. Esnek ve Se\u00e7im Hakk\u0131 Sunan Alanlar Tasarlay\u0131n<\/h2>\n<p>\u00c7al\u0131\u015fanlar art\u0131k kendi ihtiya\u00e7lar\u0131na g\u00f6re alan se\u00e7mek istiyor: bireysel \u00e7al\u0131\u015fma i\u00e7in odak alan\u0131, h\u0131zl\u0131 toplant\u0131 i\u00e7in k\u00fc\u00e7\u00fck salon, yarat\u0131c\u0131 fikir al\u0131\u015fveri\u015fi i\u00e7in a\u00e7\u0131k oturma alan\u0131 gibi. Bu yakla\u015f\u0131m \u201cama\u00e7l\u0131 bolluk\u201d (purposeful abundance) olarak tan\u0131mlan\u0131yor.<\/p>\n<p><img fetchpriority=\"high\" decoding=\"async\" class=\"alignnone size-large wp-image-10322\" src=\"https:\/\/www.diem.com.tr\/wp-content\/uploads\/2025\/06\/Yeni-Nesil-Ofisler-Icin-5-Strateji-picture-1024x428.png\" alt=\"\" width=\"1024\" height=\"428\" srcset=\"https:\/\/www.diem.com.tr\/wp-content\/uploads\/2025\/06\/Yeni-Nesil-Ofisler-Icin-5-Strateji-picture-1024x428.png 1024w, https:\/\/www.diem.com.tr\/wp-content\/uploads\/2025\/06\/Yeni-Nesil-Ofisler-Icin-5-Strateji-picture-300x125.png 300w, https:\/\/www.diem.com.tr\/wp-content\/uploads\/2025\/06\/Yeni-Nesil-Ofisler-Icin-5-Strateji-picture-768x321.png 768w, https:\/\/www.diem.com.tr\/wp-content\/uploads\/2025\/06\/Yeni-Nesil-Ofisler-Icin-5-Strateji-picture-1536x643.png 1536w, https:\/\/www.diem.com.tr\/wp-content\/uploads\/2025\/06\/Yeni-Nesil-Ofisler-Icin-5-Strateji-picture-18x8.png 18w, https:\/\/www.diem.com.tr\/wp-content\/uploads\/2025\/06\/Yeni-Nesil-Ofisler-Icin-5-Strateji-picture-440x184.png 440w, https:\/\/www.diem.com.tr\/wp-content\/uploads\/2025\/06\/Yeni-Nesil-Ofisler-Icin-5-Strateji-picture.png 1824w\" sizes=\"(max-width: 1024px) 100vw, 1024px\" \/><\/p>\n<h2>3. \u0130lham Veren Ofis Deneyimleri Tasarlay\u0131n<\/h2>\n<p>Ofisler art\u0131k yaln\u0131zca bir \u201c\u00e7al\u0131\u015fma yeri\u201d de\u011fil, ayn\u0131 zamanda bir deneyim alan\u0131. Do\u011fal dokular, sanat objeleri, i\u00e7 mekan bitkileri ve sosyal alanlar, \u00e7al\u0131\u015fan memnuniyetini do\u011frudan etkiliyor. Gensler\u2019a g\u00f6re, bu tarz alanlar \u00e7al\u0131\u015fan ba\u011fl\u0131l\u0131\u011f\u0131n\u0131 ve yarat\u0131c\u0131l\u0131\u011f\u0131 \u00fc\u00e7 kat art\u0131r\u0131yor.<\/p>\n<h2>4. Y\u00fcz Y\u00fcze Etkile\u015fimi Te\u015fvik Edin<\/h2>\n<p>Ofise gelmenin en g\u00fc\u00e7l\u00fc nedeni ekip \u00e7al\u0131\u015fmas\u0131. \u00d6zellikle yarat\u0131c\u0131 i\u015fler, h\u0131zl\u0131 karar s\u00fcre\u00e7leri ve i\u015f birli\u011fi gerektiren g\u00f6revler i\u00e7in fiziksel temas \u00e7ok \u00f6nemli. Bu nedenle esnek toplant\u0131 alanlar\u0131 ve ortak \u00e7al\u0131\u015fma k\u00f6\u015feleri mutlaka ofis planlamas\u0131nda yer almal\u0131.<\/p>\n<p><img decoding=\"async\" class=\"alignnone size-large wp-image-10213\" src=\"https:\/\/www.diem.com.tr\/wp-content\/uploads\/2025\/04\/20250223_diem_informa-16-1024x768.jpg\" alt=\"\" width=\"1024\" height=\"768\" srcset=\"https:\/\/www.diem.com.tr\/wp-content\/uploads\/2025\/04\/20250223_diem_informa-16-1024x768.jpg 1024w, https:\/\/www.diem.com.tr\/wp-content\/uploads\/2025\/04\/20250223_diem_informa-16-300x225.jpg 300w, https:\/\/www.diem.com.tr\/wp-content\/uploads\/2025\/04\/20250223_diem_informa-16-768x576.jpg 768w, https:\/\/www.diem.com.tr\/wp-content\/uploads\/2025\/04\/20250223_diem_informa-16-1536x1152.jpg 1536w, https:\/\/www.diem.com.tr\/wp-content\/uploads\/2025\/04\/20250223_diem_informa-16-2048x1536.jpg 2048w, https:\/\/www.diem.com.tr\/wp-content\/uploads\/2025\/04\/20250223_diem_informa-16-16x12.jpg 16w, https:\/\/www.diem.com.tr\/wp-content\/uploads\/2025\/04\/20250223_diem_informa-16-440x330.jpg 440w\" sizes=\"(max-width: 1024px) 100vw, 1024px\" \/><\/p>\n<h2>5. Veriye Dayal\u0131 Karar Verin<\/h2>\n<p>Alanlar\u0131n ger\u00e7ekten nas\u0131l kullan\u0131ld\u0131\u011f\u0131n\u0131 \u00f6l\u00e7mek ve buna g\u00f6re s\u00fcrekli iyile\u015ftirme yapmak art\u0131k \u00e7ok kolay. Sens\u00f6r teknolojileri ve rezervasyon sistemleri, ofisin hangi b\u00f6l\u00fcmlerinin ne kadar etkin kullan\u0131ld\u0131\u011f\u0131n\u0131 analiz etmeye yard\u0131mc\u0131 oluyor.<\/p>\n<h3>Sonu\u00e7: Gelece\u011fe Haz\u0131r Ofisler \u0130\u00e7in \u015eimdi Harekete Ge\u00e7in<\/h3>\n<p>2025\u2019te ba\u015far\u0131l\u0131 \u015firketler, sadece esnek de\u011fil ayn\u0131 zamanda insan odakl\u0131 ve stratejik olarak kurgulanm\u0131\u015f ofislerle \u00f6ne \u00e7\u0131kacak. Gensler\u2019\u0131n ara\u015ft\u0131rmas\u0131 bize g\u00f6steriyor ki; ofisler h\u00e2l\u00e2 \u00f6nemli \u2014 ama art\u0131k daha farkl\u0131 tasarlanmal\u0131.<\/p>\n<p data-start=\"1722\" data-end=\"1741\">\ud83d\udd17<strong data-start=\"1725\" data-end=\"1739\">Kaynak: <\/strong><a href=\"https:\/\/www.gensler.com\/blog\/why-now-is-the-time-for-a-workplace-reset\" target=\"_blank\" rel=\"noopener\"><span class=\"relative -mx-px my-[-0.2rem] rounded px-px py-[0.2rem] transition-colors duration-100 ease-in-out\">Gensler, <em data-start=\"9\" data-end=\"52\" data-is-last-node=\"\">Why Now Is the Time for a Workplace Reset<\/em><\/span><\/a><\/p>\n","protected":false},"excerpt":{"rendered":"<p>Neden \u00c7al\u0131\u015fma Alanlar\u0131n\u0131 Yeniden Tasarlamal\u0131y\u0131z? Pandemi sonras\u0131 i\u015f d\u00fcnyas\u0131nda k\u00f6kl\u00fc de\u011fi\u015fimler ya\u015fan\u0131yor. Art\u0131k \u00e7al\u0131\u015fanlar ofise yaln\u0131zca \u201cmasa ba\u015f\u0131nda oturmak\u201d i\u00e7in de\u011fil, birlikte \u00fcretmek, sosyalle\u015fmek ve ilham almak i\u00e7in geliyor. Bu d\u00f6n\u00fc\u015f\u00fcm, ofis tasar\u0131mlar\u0131n\u0131 da yeniden d\u00fc\u015f\u00fcnmeyi zorunlu k\u0131l\u0131yor. Gensler\u2019\u0131n 2025 [&hellip;]<\/p>\n","protected":false},"author":1,"featured_media":10204,"comment_status":"open","ping_status":"open","sticky":false,"template":"","format":"standard","meta":{"om_disable_all_campaigns":false,"_monsterinsights_skip_tracking":false,"_monsterinsights_sitenote_active":false,"_monsterinsights_sitenote_note":"","_monsterinsights_sitenote_category":0,"footnotes":""},"categories":[66],"tags":[],"class_list":["post-10319","post","type-post","status-publish","format-standard","has-post-thumbnail","hentry","category-ofis"],"aioseo_notices":[],"_links":{"self":[{"href":"https:\/\/www.diem.com.tr\/en\/wp-json\/wp\/v2\/posts\/10319","targetHints":{"allow":["GET"]}}],"collection":[{"href":"https:\/\/www.diem.com.tr\/en\/wp-json\/wp\/v2\/posts"}],"about":[{"href":"https:\/\/www.diem.com.tr\/en\/wp-json\/wp\/v2\/types\/post"}],"author":[{"embeddable":true,"href":"https:\/\/www.diem.com.tr\/en\/wp-json\/wp\/v2\/users\/1"}],"replies":[{"embeddable":true,"href":"https:\/\/www.diem.com.tr\/en\/wp-json\/wp\/v2\/comments?post=10319"}],"version-history":[{"count":6,"href":"https:\/\/www.diem.com.tr\/en\/wp-json\/wp\/v2\/posts\/10319\/revisions"}],"predecessor-version":[{"id":10352,"href":"https:\/\/www.diem.com.tr\/en\/wp-json\/wp\/v2\/posts\/10319\/revisions\/10352"}],"wp:featuredmedia":[{"embeddable":true,"href":"https:\/\/www.diem.com.tr\/en\/wp-json\/wp\/v2\/media\/10204"}],"wp:attachment":[{"href":"https:\/\/www.diem.com.tr\/en\/wp-json\/wp\/v2\/media?parent=10319"}],"wp:term":[{"taxonomy":"category","embeddable":true,"href":"https:\/\/www.diem.com.tr\/en\/wp-json\/wp\/v2\/categories?post=10319"},{"taxonomy":"post_tag","embeddable":true,"href":"https:\/\/www.diem.com.tr\/en\/wp-json\/wp\/v2\/tags?post=10319"}],"curies":[{"name":"wp","href":"https:\/\/api.w.org\/{rel}","templated":true}]}}