{"id":10326,"date":"2025-06-23T14:17:04","date_gmt":"2025-06-23T11:17:04","guid":{"rendered":"https:\/\/www.diem.com.tr\/?p=10326"},"modified":"2025-06-24T13:31:34","modified_gmt":"2025-06-24T10:31:34","slug":"3daysofdesign-kopenhagda-ilham-dolu-3-gun","status":"publish","type":"post","link":"https:\/\/www.diem.com.tr\/en\/3daysofdesign-kopenhagda-ilham-dolu-3-gun\/","title":{"rendered":"3daysofdesign: 3 Inspiring Days in Copenhagen"},"content":{"rendered":"<p data-start=\"326\" data-end=\"348\"><strong data-start=\"326\" data-end=\"348\">June 18\u201320, 2025<\/strong><\/p>\n<p data-start=\"350\" data-end=\"553\">We were in Copenhagen as Diem between June 18\u201320, 2025. <a href=\"https:\/\/www.studio-alliance.com\/\" target=\"_blank\" rel=\"noopener\">Studio Alliance<\/a>meeting took place in a unique atmosphere, perfectly aligned with the city\u2019s globally renowned <em data-start=\"519\" data-end=\"534\">3daysofdesign festival<\/em> This fusion of professional development and creative discovery made the experience truly unforgettable.<\/p>\n<h3 data-start=\"699\" data-end=\"728\">What is 3daysofdesign?<\/h3>\n<p><img fetchpriority=\"high\" decoding=\"async\" class=\"wp-image-10358 alignright\" src=\"https:\/\/www.diem.com.tr\/wp-content\/uploads\/2025\/06\/kopenhag-sa-blog-4-1001x1024.jpg\" alt=\"\" width=\"600\" height=\"614\" srcset=\"https:\/\/www.diem.com.tr\/wp-content\/uploads\/2025\/06\/kopenhag-sa-blog-4-1001x1024.jpg 1001w, https:\/\/www.diem.com.tr\/wp-content\/uploads\/2025\/06\/kopenhag-sa-blog-4-293x300.jpg 293w, https:\/\/www.diem.com.tr\/wp-content\/uploads\/2025\/06\/kopenhag-sa-blog-4-768x786.jpg 768w, https:\/\/www.diem.com.tr\/wp-content\/uploads\/2025\/06\/kopenhag-sa-blog-4-12x12.jpg 12w, https:\/\/www.diem.com.tr\/wp-content\/uploads\/2025\/06\/kopenhag-sa-blog-4-440x450.jpg 440w, https:\/\/www.diem.com.tr\/wp-content\/uploads\/2025\/06\/kopenhag-sa-blog-4.jpg 1152w\" sizes=\"(max-width: 600px) 100vw, 600px\" \/><\/p>\n<p data-start=\"729\" data-end=\"1311\">Held annually in Copenhagen, <a href=\"https:\/\/www.3daysofdesign.dk\/\" target=\"_blank\" rel=\"noopener\"><em data-start=\"760\" data-end=\"775\">3daysofdesign festival<\/em><\/a>is an international design festival celebrating innovation in furniture, lighting, architecture, textiles, and sustainability. Spread across the entire city, the festival transforms galleries, showrooms, museums, and public spaces into hubs of inspiration. With insightful talks, immersive installations, pop-up experiences, and networking opportunities, it offers a unique chance to not just view, but truly experience design in action.<\/p>\n<h3 data-start=\"555\" data-end=\"587\">Launch of the PlaceX Program<\/h3>\n<p data-start=\"588\" data-end=\"770\">On June 18, the inaugural session of Studio Alliance\u2019s new program <em data-start=\"635\" data-end=\"643\">PlaceX<\/em>took place, bringing together experts from 18 European countries to focus on Human-Centric Design.<\/p>\n<p data-start=\"588\" data-end=\"770\"><img decoding=\"async\" class=\"alignnone wp-image-10337 size-large\" src=\"https:\/\/www.diem.com.tr\/wp-content\/uploads\/2025\/06\/copenhagen-placeX-2-scaled-e1750676645711-1024x546.jpeg\" alt=\"\" width=\"1024\" height=\"546\" srcset=\"https:\/\/www.diem.com.tr\/wp-content\/uploads\/2025\/06\/copenhagen-placeX-2-scaled-e1750676645711-1024x546.jpeg 1024w, https:\/\/www.diem.com.tr\/wp-content\/uploads\/2025\/06\/copenhagen-placeX-2-scaled-e1750676645711-300x160.jpeg 300w, https:\/\/www.diem.com.tr\/wp-content\/uploads\/2025\/06\/copenhagen-placeX-2-scaled-e1750676645711-768x410.jpeg 768w, https:\/\/www.diem.com.tr\/wp-content\/uploads\/2025\/06\/copenhagen-placeX-2-scaled-e1750676645711-1536x819.jpeg 1536w, https:\/\/www.diem.com.tr\/wp-content\/uploads\/2025\/06\/copenhagen-placeX-2-scaled-e1750676645711-2048x1092.jpeg 2048w, https:\/\/www.diem.com.tr\/wp-content\/uploads\/2025\/06\/copenhagen-placeX-2-scaled-e1750676645711-18x10.jpeg 18w, https:\/\/www.diem.com.tr\/wp-content\/uploads\/2025\/06\/copenhagen-placeX-2-scaled-e1750676645711-440x235.jpeg 440w\" sizes=\"(max-width: 1024px) 100vw, 1024px\" \/><\/p>\n<h3 data-start=\"1118\" data-end=\"1148\">Welcome Drinks at Danielsen<\/h3>\n<p data-start=\"1149\" data-end=\"1386\">\u00a0In the evening, we met for welcome drinks at the office of our Danish member <a href=\"https:\/\/danielsen.eu\/\" target=\"_blank\" rel=\"noopener\"><strong data-start=\"1193\" data-end=\"1206\">Danielsen.<\/strong><\/a>Reconnecting with familiar faces and building new collaborations in a warm atmosphere was truly enjoyable.<\/p>\n<p data-start=\"1149\" data-end=\"1386\"><img decoding=\"async\" class=\"alignnone size-large wp-image-10338\" src=\"https:\/\/www.diem.com.tr\/wp-content\/uploads\/2025\/06\/copenhagen-welcome-drinks-768x1024.jpeg\" alt=\"\" width=\"768\" height=\"1024\" srcset=\"https:\/\/www.diem.com.tr\/wp-content\/uploads\/2025\/06\/copenhagen-welcome-drinks-768x1024.jpeg 768w, https:\/\/www.diem.com.tr\/wp-content\/uploads\/2025\/06\/copenhagen-welcome-drinks-225x300.jpeg 225w, https:\/\/www.diem.com.tr\/wp-content\/uploads\/2025\/06\/copenhagen-welcome-drinks-1152x1536.jpeg 1152w, https:\/\/www.diem.com.tr\/wp-content\/uploads\/2025\/06\/copenhagen-welcome-drinks-9x12.jpeg 9w, https:\/\/www.diem.com.tr\/wp-content\/uploads\/2025\/06\/copenhagen-welcome-drinks-440x587.jpeg 440w, https:\/\/www.diem.com.tr\/wp-content\/uploads\/2025\/06\/copenhagen-welcome-drinks.jpeg 1536w\" sizes=\"(max-width: 768px) 100vw, 768px\" \/><\/p>\n<h3 data-start=\"1388\" data-end=\"1423\">June 19: Two Tracks &amp; One Team<\/h3>\n<p data-start=\"1424\" data-end=\"1467\">In the morning, we had two parallel programs:<\/p>\n<ol>\n<li><strong>Marketing Workshop<br \/>\n<\/strong>An interactive session with 15 participants focusing on:<\/li>\n<\/ol>\n<ul>\n<li>The Newsletter Iceberg<\/li>\n<li>Personal Branding on LinkedIn<\/li>\n<li>Marketing Challenges<\/li>\n<\/ul>\n<p><img loading=\"lazy\" decoding=\"async\" class=\"alignnone size-large wp-image-10339\" src=\"https:\/\/www.diem.com.tr\/wp-content\/uploads\/2025\/06\/marketing-meeting-copenhagen-1024x768.jpeg\" alt=\"\" width=\"1024\" height=\"768\" srcset=\"https:\/\/www.diem.com.tr\/wp-content\/uploads\/2025\/06\/marketing-meeting-copenhagen-1024x768.jpeg 1024w, https:\/\/www.diem.com.tr\/wp-content\/uploads\/2025\/06\/marketing-meeting-copenhagen-300x225.jpeg 300w, https:\/\/www.diem.com.tr\/wp-content\/uploads\/2025\/06\/marketing-meeting-copenhagen-768x576.jpeg 768w, https:\/\/www.diem.com.tr\/wp-content\/uploads\/2025\/06\/marketing-meeting-copenhagen-1536x1152.jpeg 1536w, https:\/\/www.diem.com.tr\/wp-content\/uploads\/2025\/06\/marketing-meeting-copenhagen-16x12.jpeg 16w, https:\/\/www.diem.com.tr\/wp-content\/uploads\/2025\/06\/marketing-meeting-copenhagen-440x330.jpeg 440w, https:\/\/www.diem.com.tr\/wp-content\/uploads\/2025\/06\/marketing-meeting-copenhagen.jpeg 2048w\" sizes=\"(max-width: 1024px) 100vw, 1024px\" \/><\/p>\n<ol start=\"2\" data-start=\"1776\" data-end=\"2062\">\n<li data-start=\"1776\" data-end=\"2062\">\n<p data-start=\"1779\" data-end=\"2062\"><strong data-start=\"1779\" data-end=\"1801\">3daysofdesign Tour<\/strong><br data-start=\"1801\" data-end=\"1804\" \/>Starting with a delightful breakfast at Fredericia Furniture\u2019s showroom, the team continued exploring key venues of the festival throughout the day with guided visits, presentations, and networking spots.<\/p>\n<\/li>\n<\/ol>\n<p><img loading=\"lazy\" decoding=\"async\" class=\"alignnone size-large wp-image-10340\" src=\"https:\/\/www.diem.com.tr\/wp-content\/uploads\/2025\/06\/copenhagen-lunch-1024x768.jpeg\" alt=\"\" width=\"1024\" height=\"768\" srcset=\"https:\/\/www.diem.com.tr\/wp-content\/uploads\/2025\/06\/copenhagen-lunch-1024x768.jpeg 1024w, https:\/\/www.diem.com.tr\/wp-content\/uploads\/2025\/06\/copenhagen-lunch-300x225.jpeg 300w, https:\/\/www.diem.com.tr\/wp-content\/uploads\/2025\/06\/copenhagen-lunch-768x576.jpeg 768w, https:\/\/www.diem.com.tr\/wp-content\/uploads\/2025\/06\/copenhagen-lunch-1536x1152.jpeg 1536w, https:\/\/www.diem.com.tr\/wp-content\/uploads\/2025\/06\/copenhagen-lunch-16x12.jpeg 16w, https:\/\/www.diem.com.tr\/wp-content\/uploads\/2025\/06\/copenhagen-lunch-440x330.jpeg 440w, https:\/\/www.diem.com.tr\/wp-content\/uploads\/2025\/06\/copenhagen-lunch.jpeg 2048w\" sizes=\"(max-width: 1024px) 100vw, 1024px\" \/><\/p>\n<h3 data-start=\"2064\" data-end=\"2088\">Studio Alliance Dinner<\/h3>\n<p data-start=\"2089\" data-end=\"2247\">That evening, we all met for a traditional Studio Alliance dinner. In a beautiful setting, the night was filled with enriching conversations, knowledge exchange, karaoke, and fun.<\/p>\n<h3 data-start=\"2249\" data-end=\"2287\">June 20: Design Immersion<\/h3>\n<p data-start=\"2288\" data-end=\"2452\">On the final day, we continued discovering the city and the many inspiring design spots. It was a great opportunity to soak in the creative atmosphere and connect deeper with the world of design.<\/p>\n<p data-start=\"2454\" data-end=\"2666\">We\u2019re proud to be a founding member of <a href=\"https:\/\/www.diem.com.tr\/en\/category\/studio-alliance\/\" target=\"_blank\" rel=\"noopener\">Studio Alliance<\/a>and truly appreciate everyone who contributed to this unique experience. See you at the next gathering!<\/p>\n<p data-start=\"2454\" data-end=\"2666\"><img loading=\"lazy\" decoding=\"async\" class=\"alignnone size-large wp-image-10342\" src=\"https:\/\/www.diem.com.tr\/wp-content\/uploads\/2025\/06\/copenhagen-showroom-visit-1024x768.jpeg\" alt=\"\" width=\"1024\" height=\"768\" srcset=\"https:\/\/www.diem.com.tr\/wp-content\/uploads\/2025\/06\/copenhagen-showroom-visit-1024x768.jpeg 1024w, https:\/\/www.diem.com.tr\/wp-content\/uploads\/2025\/06\/copenhagen-showroom-visit-300x225.jpeg 300w, https:\/\/www.diem.com.tr\/wp-content\/uploads\/2025\/06\/copenhagen-showroom-visit-768x576.jpeg 768w, https:\/\/www.diem.com.tr\/wp-content\/uploads\/2025\/06\/copenhagen-showroom-visit-1536x1152.jpeg 1536w, https:\/\/www.diem.com.tr\/wp-content\/uploads\/2025\/06\/copenhagen-showroom-visit-16x12.jpeg 16w, https:\/\/www.diem.com.tr\/wp-content\/uploads\/2025\/06\/copenhagen-showroom-visit-440x330.jpeg 440w, https:\/\/www.diem.com.tr\/wp-content\/uploads\/2025\/06\/copenhagen-showroom-visit.jpeg 2048w\" sizes=\"(max-width: 1024px) 100vw, 1024px\" \/><\/p>\n<h3 data-start=\"358\" data-end=\"415\">Diem Design Team\u2019s Reflections on 3daysofdesign<\/h3>\n<p data-start=\"416\" data-end=\"672\">As architects and designers from Diem, we experienced 3daysofdesign not just as visitors, but through a creative and analytical lens. The following are some of the key takeaways and impressions shared by our design team:<\/p>\n<p data-start=\"416\" data-end=\"672\"><img loading=\"lazy\" decoding=\"async\" class=\"alignnone size-large wp-image-10335\" src=\"https:\/\/www.diem.com.tr\/wp-content\/uploads\/2025\/06\/kopenhag-3daysofdesign-sa-blog-1024x454.png\" alt=\"\" width=\"1024\" height=\"454\" srcset=\"https:\/\/www.diem.com.tr\/wp-content\/uploads\/2025\/06\/kopenhag-3daysofdesign-sa-blog-1024x454.png 1024w, https:\/\/www.diem.com.tr\/wp-content\/uploads\/2025\/06\/kopenhag-3daysofdesign-sa-blog-300x133.png 300w, https:\/\/www.diem.com.tr\/wp-content\/uploads\/2025\/06\/kopenhag-3daysofdesign-sa-blog-768x340.png 768w, https:\/\/www.diem.com.tr\/wp-content\/uploads\/2025\/06\/kopenhag-3daysofdesign-sa-blog-18x8.png 18w, https:\/\/www.diem.com.tr\/wp-content\/uploads\/2025\/06\/kopenhag-3daysofdesign-sa-blog-440x195.png 440w, https:\/\/www.diem.com.tr\/wp-content\/uploads\/2025\/06\/kopenhag-3daysofdesign-sa-blog.png 1280w\" sizes=\"(max-width: 1024px) 100vw, 1024px\" \/><\/p>\n<ul data-start=\"674\" data-end=\"1618\">\n<li data-start=\"674\" data-end=\"887\">\n<p data-start=\"676\" data-end=\"887\">We noticed a clear shift away from product-centric exhibitions toward experiences based on emotion and storytelling. Installations invited the user to engage with the space, creating sensory, immersive moments.<\/p>\n<\/li>\n<li data-start=\"888\" data-end=\"1043\">\n<p data-start=\"890\" data-end=\"1043\">Brands weren\u2019t just showing objects; they were building entire spatial narratives. Even the most minimal setups carried a powerful message when executed with intention.<\/p>\n<\/li>\n<li data-start=\"1044\" data-end=\"1155\">\n<p data-start=\"1046\" data-end=\"1155\">Warm materials, natural textures, and surfaces that embraced imperfection dominated the overall design language.<\/p>\n<\/li>\n<li data-start=\"1156\" data-end=\"1314\">\n<p data-start=\"1158\" data-end=\"1314\" class=\"translation-block\">The studio store concept at Frama was particularly inspiring. It offered a holistic experience that allowed visitors to feel the soul of the brand, rather than simply observe it.<\/p>\n<\/li>\n<li data-start=\"1315\" data-end=\"1445\">\n<p data-start=\"1317\" data-end=\"1445\">The reinterpretation of the \u201cold\u201d\u2014blending architectural memory with contemporary touches\u2014was another remarkable trend.<\/p>\n<\/li>\n<li data-start=\"1446\" data-end=\"1618\">\n<p data-start=\"1448\" data-end=\"1618\">In one panel we attended, a speaker emphasized the power of designs that engage all five senses. We witnessed that approach implemented beautifully throughout the festival.<\/p>\n<\/li>\n<\/ul>\n<p data-start=\"1620\" data-end=\"1899\"><img loading=\"lazy\" decoding=\"async\" class=\"alignnone size-large wp-image-10341\" src=\"https:\/\/www.diem.com.tr\/wp-content\/uploads\/2025\/06\/copenhagen-showroom-visit-2-1024x768.jpeg\" alt=\"\" width=\"1024\" height=\"768\" srcset=\"https:\/\/www.diem.com.tr\/wp-content\/uploads\/2025\/06\/copenhagen-showroom-visit-2-1024x768.jpeg 1024w, https:\/\/www.diem.com.tr\/wp-content\/uploads\/2025\/06\/copenhagen-showroom-visit-2-300x225.jpeg 300w, https:\/\/www.diem.com.tr\/wp-content\/uploads\/2025\/06\/copenhagen-showroom-visit-2-768x576.jpeg 768w, https:\/\/www.diem.com.tr\/wp-content\/uploads\/2025\/06\/copenhagen-showroom-visit-2-1536x1152.jpeg 1536w, https:\/\/www.diem.com.tr\/wp-content\/uploads\/2025\/06\/copenhagen-showroom-visit-2-2048x1536.jpeg 2048w, https:\/\/www.diem.com.tr\/wp-content\/uploads\/2025\/06\/copenhagen-showroom-visit-2-16x12.jpeg 16w, https:\/\/www.diem.com.tr\/wp-content\/uploads\/2025\/06\/copenhagen-showroom-visit-2-440x330.jpeg 440w\" sizes=\"(max-width: 1024px) 100vw, 1024px\" \/><\/p>\n<p data-start=\"1620\" data-end=\"1899\">As Diem\u2019s design team, 3daysofdesign offered us more than inspiration\u2014it challenged us to design spaces that form deeper emotional connections, communicate meaning, and remain memorable through sensory storytelling.<\/p>","protected":false},"excerpt":{"rendered":"<p>18\u201320 Haziran 2025 Diem olarak 18-20 Haziran 2025 tarihleri aras\u0131nda Kopenhag\u2019dayd\u0131k. Studio Alliance&#8216;\u0131n 12. bulu\u015fmas\u0131 bu kez farkl\u0131 bir atmosferde, Danimarka\u2019n\u0131n tasar\u0131ma adanm\u0131\u015f haftas\u0131 3daysofdesign ile i\u00e7 i\u00e7e ge\u00e7ti. 3daysofdesign Nedir? Kopenhag&#8217;da her y\u0131l d\u00fczenlenen 3daysofdesign, \u0130skandinav tasar\u0131m\u0131n\u0131n kalbinde ger\u00e7ekle\u015fen [&hellip;]<\/p>\n","protected":false},"author":1,"featured_media":10343,"comment_status":"open","ping_status":"open","sticky":false,"template":"","format":"standard","meta":{"om_disable_all_campaigns":false,"_monsterinsights_skip_tracking":false,"_monsterinsights_sitenote_active":false,"_monsterinsights_sitenote_note":"","_monsterinsights_sitenote_category":0,"footnotes":""},"categories":[65,74],"tags":[],"class_list":["post-10326","post","type-post","status-publish","format-standard","has-post-thumbnail","hentry","category-haber","category-studio-alliance"],"aioseo_notices":[],"_links":{"self":[{"href":"https:\/\/www.diem.com.tr\/en\/wp-json\/wp\/v2\/posts\/10326","targetHints":{"allow":["GET"]}}],"collection":[{"href":"https:\/\/www.diem.com.tr\/en\/wp-json\/wp\/v2\/posts"}],"about":[{"href":"https:\/\/www.diem.com.tr\/en\/wp-json\/wp\/v2\/types\/post"}],"author":[{"embeddable":true,"href":"https:\/\/www.diem.com.tr\/en\/wp-json\/wp\/v2\/users\/1"}],"replies":[{"embeddable":true,"href":"https:\/\/www.diem.com.tr\/en\/wp-json\/wp\/v2\/comments?post=10326"}],"version-history":[{"count":16,"href":"https:\/\/www.diem.com.tr\/en\/wp-json\/wp\/v2\/posts\/10326\/revisions"}],"predecessor-version":[{"id":10359,"href":"https:\/\/www.diem.com.tr\/en\/wp-json\/wp\/v2\/posts\/10326\/revisions\/10359"}],"wp:featuredmedia":[{"embeddable":true,"href":"https:\/\/www.diem.com.tr\/en\/wp-json\/wp\/v2\/media\/10343"}],"wp:attachment":[{"href":"https:\/\/www.diem.com.tr\/en\/wp-json\/wp\/v2\/media?parent=10326"}],"wp:term":[{"taxonomy":"category","embeddable":true,"href":"https:\/\/www.diem.com.tr\/en\/wp-json\/wp\/v2\/categories?post=10326"},{"taxonomy":"post_tag","embeddable":true,"href":"https:\/\/www.diem.com.tr\/en\/wp-json\/wp\/v2\/tags?post=10326"}],"curies":[{"name":"wp","href":"https:\/\/api.w.org\/{rel}","templated":true}]}}