{"id":10674,"date":"2025-10-31T13:36:43","date_gmt":"2025-10-31T10:36:43","guid":{"rendered":"https:\/\/www.diem.com.tr\/?p=10674"},"modified":"2025-10-31T13:36:43","modified_gmt":"2025-10-31T10:36:43","slug":"kasim-2025-yesil-inovasyon-ayi-mimarlikta-yenilikci-surdurulebilirlik","status":"publish","type":"post","link":"https:\/\/www.diem.com.tr\/en\/kasim-2025-yesil-inovasyon-ayi-mimarlikta-yenilikci-surdurulebilirlik\/","title":{"rendered":"November 2025 Green Innovation Month: Innovative Sustainability in Architecture"},"content":{"rendered":"<p>Kas\u0131m 2025, d\u00fcnya genelinde \u201cYe\u015fil \u0130novasyon Ay\u0131\u201d olarak kutlan\u0131yor. Bu d\u00f6nem, mimarl\u0131kta s\u00fcrd\u00fcr\u00fclebilirli\u011fin yaln\u0131zca \u00e7evresel bir zorunluluk de\u011fil, ayn\u0131 zamanda tasar\u0131m k\u00fclt\u00fcr\u00fcn\u00fcn ayr\u0131lmaz bir par\u00e7as\u0131 haline geldi\u011fini g\u00f6steriyor.<br data-start=\"651\" data-end=\"654\" \/>Enerji verimlili\u011fi, geri d\u00f6n\u00fc\u015ft\u00fcr\u00fclebilir malzeme kullan\u0131m\u0131 ve do\u011fayla b\u00fct\u00fcnle\u015fen mekan anlay\u0131\u015f\u0131, \u00e7a\u011fda\u015f mimarl\u0131\u011f\u0131n y\u00f6n\u00fcn\u00fc belirliyor.<\/p>\n<h3>Malzeme D\u00f6ng\u00fcs\u00fcnden Kentsel \u00d6l\u00e7e\u011fe: Geni\u015fleyen Ye\u015fil Perspektif<\/h3>\n<p>S\u00fcrd\u00fcr\u00fclebilirlik art\u0131k yaln\u0131zca bina \u00f6l\u00e7e\u011finde ele al\u0131nm\u0131yor; kent planlamas\u0131, peyzaj ve altyap\u0131 sistemlerinde de etkisini art\u0131r\u0131yor.<br data-start=\"1214\" data-end=\"1217\" \/>Geri d\u00f6n\u00fc\u015ft\u00fcr\u00fclebilir betonlar, enerji depolayan cephe panelleri, at\u0131k y\u00f6netimini destekleyen altyap\u0131 \u00e7\u00f6z\u00fcmleri ve karbon ayak izini minimize eden kentsel stratejiler, bu d\u00f6n\u00fc\u015f\u00fcm\u00fcn \u00f6nc\u00fc unsurlar\u0131 aras\u0131nda.<\/p>\n<p><img fetchpriority=\"high\" decoding=\"async\" class=\"alignnone wp-image-10675\" src=\"https:\/\/www.diem.com.tr\/wp-content\/uploads\/2025\/10\/yesil_inovasyon_ayi1-300x200.png\" alt=\"\" width=\"998\" height=\"665\" srcset=\"https:\/\/www.diem.com.tr\/wp-content\/uploads\/2025\/10\/yesil_inovasyon_ayi1-300x200.png 300w, https:\/\/www.diem.com.tr\/wp-content\/uploads\/2025\/10\/yesil_inovasyon_ayi1-1024x683.png 1024w, https:\/\/www.diem.com.tr\/wp-content\/uploads\/2025\/10\/yesil_inovasyon_ayi1-768x512.png 768w, https:\/\/www.diem.com.tr\/wp-content\/uploads\/2025\/10\/yesil_inovasyon_ayi1-18x12.png 18w, https:\/\/www.diem.com.tr\/wp-content\/uploads\/2025\/10\/yesil_inovasyon_ayi1-700x466.png 700w, https:\/\/www.diem.com.tr\/wp-content\/uploads\/2025\/10\/yesil_inovasyon_ayi1-440x293.png 440w, https:\/\/www.diem.com.tr\/wp-content\/uploads\/2025\/10\/yesil_inovasyon_ayi1.png 1536w\" sizes=\"(max-width: 998px) 100vw, 998px\" \/><\/p>\n<p>T\u00fcrkiye\u2019de de gen\u00e7 mimarlar\u0131n, akademisyenlerin ve giri\u015fimlerin katk\u0131lar\u0131yla \u00e7evre odakl\u0131 tasar\u0131m anlay\u0131\u015f\u0131 g\u00fc\u00e7leniyor.<br data-start=\"1786\" data-end=\"1789\" \/>Yerel malzeme kullan\u0131m\u0131, pasif iklimlendirme \u00e7\u00f6z\u00fcmleri, mod\u00fcler yap\u0131 sistemleri ve ekolojik peyzaj uygulamalar\u0131 son y\u0131llarda projelerde s\u0131k\u00e7a tercih ediliyor.<br data-start=\"1947\" data-end=\"1950\" \/>Bu yakla\u015f\u0131m, hem ekonomik hem de \u00e7evresel s\u00fcrd\u00fcr\u00fclebilirli\u011fi destekleyerek toplumsal fark\u0131ndal\u0131\u011f\u0131 art\u0131r\u0131yor.<\/p>\n<h3>Ye\u015fil \u0130novasyonun Gelece\u011fi: Bir Vizyon Olarak Mimarl\u0131k<\/h3>\n<p data-start=\"2363\" data-end=\"2696\">Ye\u015fil inovasyon art\u0131k bir trend de\u011fil, kal\u0131c\u0131 bir d\u00f6n\u00fc\u015f\u00fcm.<br data-start=\"2421\" data-end=\"2424\" \/>Mimarlar, \u015fehir planc\u0131lar\u0131 ve tasar\u0131mc\u0131lar bu d\u00f6n\u00fc\u015f\u00fcm\u00fcn merkezinde yer alarak gelece\u011fin ya\u015fam bi\u00e7imlerine y\u00f6n veriyor.<br data-start=\"2542\" data-end=\"2545\" \/>Her s\u00fcrd\u00fcr\u00fclebilir detay, yaln\u0131zca enerji tasarrufu de\u011fil; ayn\u0131 zamanda insan, do\u011fa ve mek\u00e2n aras\u0131ndaki dengeyi yeniden tan\u0131mlayan bir de\u011fer ta\u015f\u0131yor.<\/p>\n<p data-start=\"2363\" data-end=\"2696\"><img decoding=\"async\" class=\"alignnone wp-image-10376\" src=\"https:\/\/www.diem.com.tr\/wp-content\/uploads\/2025\/07\/Construction-Site-Solar-Panel-300x225.jpeg\" alt=\"\" width=\"981\" height=\"736\" srcset=\"https:\/\/www.diem.com.tr\/wp-content\/uploads\/2025\/07\/Construction-Site-Solar-Panel-300x225.jpeg 300w, https:\/\/www.diem.com.tr\/wp-content\/uploads\/2025\/07\/Construction-Site-Solar-Panel-1024x768.jpeg 1024w, https:\/\/www.diem.com.tr\/wp-content\/uploads\/2025\/07\/Construction-Site-Solar-Panel-768x576.jpeg 768w, https:\/\/www.diem.com.tr\/wp-content\/uploads\/2025\/07\/Construction-Site-Solar-Panel-1536x1152.jpeg 1536w, https:\/\/www.diem.com.tr\/wp-content\/uploads\/2025\/07\/Construction-Site-Solar-Panel-2048x1536.jpeg 2048w, https:\/\/www.diem.com.tr\/wp-content\/uploads\/2025\/07\/Construction-Site-Solar-Panel-16x12.jpeg 16w, https:\/\/www.diem.com.tr\/wp-content\/uploads\/2025\/07\/Construction-Site-Solar-Panel-440x330.jpeg 440w\" sizes=\"(max-width: 981px) 100vw, 981px\" \/><\/p>\n<h3>Diem\u2019in Ye\u015fil Gelece\u011fe Katk\u0131s\u0131<\/h3>\n<p data-start=\"2938\" data-end=\"3401\">Diem olarak, s\u00fcrd\u00fcr\u00fclebilirlik konusunu yaln\u0131zca bir tasar\u0131m yakla\u015f\u0131m\u0131 de\u011fil, bir sorumluluk alan\u0131 olarak g\u00f6r\u00fcyoruz.<br data-start=\"3058\" data-end=\"3061\" \/>Yenilik\u00e7i d\u00fc\u015f\u00fcnceyi \u00e7evre bilinciyle birle\u015ftirerek, her projemizde do\u011faya sayg\u0131l\u0131, enerji a\u00e7\u0131s\u0131ndan verimli ve insan odakl\u0131 \u00e7\u00f6z\u00fcmler \u00fcretmeyi \u00f6nemsiyoruz.<br data-start=\"3215\" data-end=\"3218\" \/>Kas\u0131m 2025\u2019in \u201cYe\u015fil \u0130novasyon Ay\u0131\u201d temas\u0131, Diem\u2019in uzun s\u00fcredir benimsedi\u011fi bu vizyonu bir kez daha hat\u0131rlat\u0131yor:<\/p>\n<blockquote>\n<p data-start=\"2938\" data-end=\"3401\">Mimarl\u0131k, gelece\u011fi \u015fekillendirmenin en s\u00fcrd\u00fcr\u00fclebilir yoludur.<\/p>\n<\/blockquote>\n<p data-start=\"2938\" data-end=\"3401\">S\u00fcrd\u00fcr\u00fclebilirlik \u00e7al\u0131\u015fmalar\u0131m\u0131z hakk\u0131nda detayl\u0131 bilgi i\u00e7in <a href=\"https:\/\/www.diem.com.tr\/en\/esg\/\" target=\"_blank\" rel=\"noopener\">learn more about ESG.<\/a><\/p>\n<p data-start=\"2938\" data-end=\"3401\">","protected":false},"excerpt":{"rendered":"<p>Kas\u0131m 2025, d\u00fcnya genelinde \u201cYe\u015fil \u0130novasyon Ay\u0131\u201d olarak kutlan\u0131yor. Bu d\u00f6nem, mimarl\u0131kta s\u00fcrd\u00fcr\u00fclebilirli\u011fin yaln\u0131zca \u00e7evresel bir zorunluluk de\u011fil, ayn\u0131 zamanda tasar\u0131m k\u00fclt\u00fcr\u00fcn\u00fcn ayr\u0131lmaz bir par\u00e7as\u0131 haline geldi\u011fini g\u00f6steriyor.Enerji verimlili\u011fi, geri d\u00f6n\u00fc\u015ft\u00fcr\u00fclebilir malzeme kullan\u0131m\u0131 ve do\u011fayla b\u00fct\u00fcnle\u015fen mekan anlay\u0131\u015f\u0131, \u00e7a\u011fda\u015f mimarl\u0131\u011f\u0131n [&hellip;]<\/p>\n","protected":false},"author":2,"featured_media":10678,"comment_status":"open","ping_status":"open","sticky":false,"template":"","format":"standard","meta":{"om_disable_all_campaigns":false,"_monsterinsights_skip_tracking":false,"_monsterinsights_sitenote_active":false,"_monsterinsights_sitenote_note":"","_monsterinsights_sitenote_category":0,"footnotes":""},"categories":[79],"tags":[],"class_list":["post-10674","post","type-post","status-publish","format-standard","has-post-thumbnail","hentry","category-esg"],"aioseo_notices":[],"_links":{"self":[{"href":"https:\/\/www.diem.com.tr\/en\/wp-json\/wp\/v2\/posts\/10674","targetHints":{"allow":["GET"]}}],"collection":[{"href":"https:\/\/www.diem.com.tr\/en\/wp-json\/wp\/v2\/posts"}],"about":[{"href":"https:\/\/www.diem.com.tr\/en\/wp-json\/wp\/v2\/types\/post"}],"author":[{"embeddable":true,"href":"https:\/\/www.diem.com.tr\/en\/wp-json\/wp\/v2\/users\/2"}],"replies":[{"embeddable":true,"href":"https:\/\/www.diem.com.tr\/en\/wp-json\/wp\/v2\/comments?post=10674"}],"version-history":[{"count":3,"href":"https:\/\/www.diem.com.tr\/en\/wp-json\/wp\/v2\/posts\/10674\/revisions"}],"predecessor-version":[{"id":10679,"href":"https:\/\/www.diem.com.tr\/en\/wp-json\/wp\/v2\/posts\/10674\/revisions\/10679"}],"wp:featuredmedia":[{"embeddable":true,"href":"https:\/\/www.diem.com.tr\/en\/wp-json\/wp\/v2\/media\/10678"}],"wp:attachment":[{"href":"https:\/\/www.diem.com.tr\/en\/wp-json\/wp\/v2\/media?parent=10674"}],"wp:term":[{"taxonomy":"category","embeddable":true,"href":"https:\/\/www.diem.com.tr\/en\/wp-json\/wp\/v2\/categories?post=10674"},{"taxonomy":"post_tag","embeddable":true,"href":"https:\/\/www.diem.com.tr\/en\/wp-json\/wp\/v2\/tags?post=10674"}],"curies":[{"name":"wp","href":"https:\/\/api.w.org\/{rel}","templated":true}]}}