{"id":10821,"date":"2025-12-25T14:12:50","date_gmt":"2025-12-25T11:12:50","guid":{"rendered":"https:\/\/www.diem.com.tr\/?p=10821"},"modified":"2025-12-26T09:46:33","modified_gmt":"2025-12-26T06:46:33","slug":"bir-yilda-15-proje-2026da-ne-planliyoruz","status":"publish","type":"post","link":"https:\/\/www.diem.com.tr\/en\/bir-yilda-15-proje-2026da-ne-planliyoruz\/","title":{"rendered":"How Did 15 Projects Fit into One Year, and What Are We Planning for 2026?"},"content":{"rendered":"<p>At the end of every year, when we look back, what remains is not only the projects completed, but also the relationships built, the moments shared, and everything we learned throughout the process. For Diem, 2025 was exactly that kind of year: fast-paced, highly productive, instructive, and deeply inspiring.<\/p>\n<h2 data-start=\"2423\" data-end=\"2654\">2026: Strategic Growth and Deepening Collaborations<\/h2>\n<p>As we look ahead to 2026, our focus is clear: stronger partnerships, increased production, and a more sustainable approach. Our key priorities include: <em>daha g\u00fc\u00e7l\u00fc i\u015f birlikleri, daha fazla \u00fcretim ve daha s\u00fcrd\u00fcr\u00fclebilir bir yakla\u015f\u0131m.<\/em><\/p>\n<ul>\n<li data-start=\"2641\" data-end=\"2678\">Regular visits to our business partners<\/li>\n<li data-start=\"2641\" data-end=\"2678\">Focusing on partners\u2019 areas of expertise<\/li>\n<li data-start=\"2776\" data-end=\"2815\">Taking collaborations one step further<\/li>\n<li data-start=\"2776\" data-end=\"2815\">Co-creation models that strengthen employee motivation<\/li>\n<li data-start=\"2641\" data-end=\"2678\" class=\"translation-block\">Studio Alliance gatherings<\/li>\n<\/ul>\n<p class=\"translation-block\">Alongside these, more projects, more events, and a strong emphasis on sustainability-focused initiatives form the core themes of 2026.<\/p>\n<p><img fetchpriority=\"high\" decoding=\"async\" class=\"alignnone wp-image-10845 size-large\" src=\"https:\/\/www.diem.com.tr\/wp-content\/uploads\/2025\/12\/Yilin-Ozeti-2025te-Neler-Yaptik-2026da-Ne-Planliyoruz1-1024x576.jpeg\" alt=\"Modern ofis ve tasar\u0131m projeleri uygulama sahas\u0131\" width=\"1024\" height=\"576\" srcset=\"https:\/\/www.diem.com.tr\/wp-content\/uploads\/2025\/12\/Yilin-Ozeti-2025te-Neler-Yaptik-2026da-Ne-Planliyoruz1-1024x576.jpeg 1024w, https:\/\/www.diem.com.tr\/wp-content\/uploads\/2025\/12\/Yilin-Ozeti-2025te-Neler-Yaptik-2026da-Ne-Planliyoruz1-300x169.jpeg 300w, https:\/\/www.diem.com.tr\/wp-content\/uploads\/2025\/12\/Yilin-Ozeti-2025te-Neler-Yaptik-2026da-Ne-Planliyoruz1-768x432.jpeg 768w, https:\/\/www.diem.com.tr\/wp-content\/uploads\/2025\/12\/Yilin-Ozeti-2025te-Neler-Yaptik-2026da-Ne-Planliyoruz1-1536x864.jpeg 1536w, https:\/\/www.diem.com.tr\/wp-content\/uploads\/2025\/12\/Yilin-Ozeti-2025te-Neler-Yaptik-2026da-Ne-Planliyoruz1-18x10.jpeg 18w, https:\/\/www.diem.com.tr\/wp-content\/uploads\/2025\/12\/Yilin-Ozeti-2025te-Neler-Yaptik-2026da-Ne-Planliyoruz1-440x248.jpeg 440w, https:\/\/www.diem.com.tr\/wp-content\/uploads\/2025\/12\/Yilin-Ozeti-2025te-Neler-Yaptik-2026da-Ne-Planliyoruz1.jpeg 1600w\" sizes=\"(max-width: 1024px) 100vw, 1024px\" \/><\/p>\n<p><img decoding=\"async\" class=\"alignnone wp-image-10852 size-large\" src=\"https:\/\/www.diem.com.tr\/wp-content\/uploads\/2025\/12\/Bir-Yilda-15-Proje-Nasil-Tamamladik-2026da-Ne-Planliyoruz-2-1024x747.jpeg\" alt=\"Modern ofis ve tasar\u0131m projeleri uygulama sahas\u0131ndan \u00e7al\u0131\u015fanlar\u0131m\u0131z\" width=\"1024\" height=\"747\" srcset=\"https:\/\/www.diem.com.tr\/wp-content\/uploads\/2025\/12\/Bir-Yilda-15-Proje-Nasil-Tamamladik-2026da-Ne-Planliyoruz-2-1024x747.jpeg 1024w, https:\/\/www.diem.com.tr\/wp-content\/uploads\/2025\/12\/Bir-Yilda-15-Proje-Nasil-Tamamladik-2026da-Ne-Planliyoruz-2-300x219.jpeg 300w, https:\/\/www.diem.com.tr\/wp-content\/uploads\/2025\/12\/Bir-Yilda-15-Proje-Nasil-Tamamladik-2026da-Ne-Planliyoruz-2-768x560.jpeg 768w, https:\/\/www.diem.com.tr\/wp-content\/uploads\/2025\/12\/Bir-Yilda-15-Proje-Nasil-Tamamladik-2026da-Ne-Planliyoruz-2-16x12.jpeg 16w, https:\/\/www.diem.com.tr\/wp-content\/uploads\/2025\/12\/Bir-Yilda-15-Proje-Nasil-Tamamladik-2026da-Ne-Planliyoruz-2-440x321.jpeg 440w, https:\/\/www.diem.com.tr\/wp-content\/uploads\/2025\/12\/Bir-Yilda-15-Proje-Nasil-Tamamladik-2026da-Ne-Planliyoruz-2.jpeg 1184w\" sizes=\"(max-width: 1024px) 100vw, 1024px\" \/><\/p>\n<h2>2025 in Numbers<\/h2>\n<p data-start=\"2079\" data-end=\"2106\">A snapshot of what we accomplished throughout the year:<\/p>\n<ul>\n<li data-start=\"2110\" data-end=\"2144\"><strong>45.000 m\u00b2<\/strong> total project area<\/li>\n<li data-start=\"2147\" data-end=\"2161\"><strong>15<\/strong> project<\/li>\n<li data-start=\"2164\" data-end=\"2181\"><strong>20<\/strong> event<\/li>\n<li data-start=\"2184\" data-end=\"2201\"><strong>25<\/strong> collaborations<\/li>\n<\/ul>\n<p data-start=\"2423\" data-end=\"2654\">Behind these figures were processes that required detailed planning, interdisciplinary coordination, and a high level of adaptability. The challenges we encountered further strengthened our organizational flexibility and problem-solving capabilities.<\/p>\n<p data-start=\"2423\" data-end=\"2654\"><img decoding=\"async\" class=\"alignnone wp-image-10848 size-large\" src=\"https:\/\/www.diem.com.tr\/wp-content\/uploads\/2025\/12\/Yilin-Ozeti-2025te-Neler-Yaptik-2026da-Ne-Planliyoruz_2-1024x768.jpg\" alt=\"Y\u0131l boyunca tamamlanan mimari ve i\u00e7 mimari projeler \u00f6rnekleri\" width=\"1024\" height=\"768\" srcset=\"https:\/\/www.diem.com.tr\/wp-content\/uploads\/2025\/12\/Yilin-Ozeti-2025te-Neler-Yaptik-2026da-Ne-Planliyoruz_2-1024x768.jpg 1024w, https:\/\/www.diem.com.tr\/wp-content\/uploads\/2025\/12\/Yilin-Ozeti-2025te-Neler-Yaptik-2026da-Ne-Planliyoruz_2-300x225.jpg 300w, https:\/\/www.diem.com.tr\/wp-content\/uploads\/2025\/12\/Yilin-Ozeti-2025te-Neler-Yaptik-2026da-Ne-Planliyoruz_2-768x576.jpg 768w, https:\/\/www.diem.com.tr\/wp-content\/uploads\/2025\/12\/Yilin-Ozeti-2025te-Neler-Yaptik-2026da-Ne-Planliyoruz_2-1536x1152.jpg 1536w, https:\/\/www.diem.com.tr\/wp-content\/uploads\/2025\/12\/Yilin-Ozeti-2025te-Neler-Yaptik-2026da-Ne-Planliyoruz_2-2048x1536.jpg 2048w, https:\/\/www.diem.com.tr\/wp-content\/uploads\/2025\/12\/Yilin-Ozeti-2025te-Neler-Yaptik-2026da-Ne-Planliyoruz_2-16x12.jpg 16w, https:\/\/www.diem.com.tr\/wp-content\/uploads\/2025\/12\/Yilin-Ozeti-2025te-Neler-Yaptik-2026da-Ne-Planliyoruz_2-440x330.jpg 440w\" sizes=\"(max-width: 1024px) 100vw, 1024px\" \/><\/p>\n<h2>What Did We Do in 2025?<\/h2>\n<p>Throughout 2025, we came together with many experts from different disciplines. We hosted some events and participated in others. Each meeting brought conversations, new perspectives, and a shared way of thinking.<\/p>\n<p><strong data-start=\"926\" data-end=\"958\">\u0130n\u015fa Eden Kad\u0131nlar Summit<\/strong>provided a strong platform focused on inclusivity and diversity within the industry.<\/p>\n<p><strong data-start=\"1035\" data-end=\"1073\">BMS Design Center Visit (Paris)<\/strong>offered the opportunity to experience international design, technology, and innovation practices firsthand.<\/p>\n<p><strong>Shaw Contract Visit (Edinburgh)<\/strong>allowed us to explore current approaches to interior solutions, sustainable production strategies, and design processes.<\/p>\n<p><a href=\"https:\/\/www.diem.com.tr\/en\/itu-mimarlik-zirvesi-gelecegin-mimarlarina-ilham-veriyoruz\/\" target=\"_blank\" rel=\"noopener\"><strong data-start=\"1179\" data-end=\"1203\">University Presentations<\/strong><\/a> helped us build a sustainable knowledge bridge between academia and professional practice.<\/p>\n<p><a href=\"https:\/\/www.diem.com.tr\/en\/yalin-yonetim-seminerinden-notlar-santiyeden-ofise-daha-azla-daha-fazlasi\/\" target=\"_blank\" rel=\"noopener\"><strong>Lean Management Seminar<\/strong><\/a> enabled us to integrate process efficiency and lean management principles into our organizational operations.<\/p>\n<p><img loading=\"lazy\" decoding=\"async\" class=\"alignnone wp-image-10657 size-large\" src=\"https:\/\/www.diem.com.tr\/wp-content\/uploads\/2025\/09\/lean-management-seminar-after-blog-cover-scaled-e1766385802166-1024x785.jpg\" alt=\"2026 y\u0131l\u0131nda ger\u00e7ekle\u015ftirdi\u011fimiz Yal\u0131n Y\u00f6netim Sunumu\" width=\"1024\" height=\"785\" srcset=\"https:\/\/www.diem.com.tr\/wp-content\/uploads\/2025\/09\/lean-management-seminar-after-blog-cover-scaled-e1766385802166-1024x785.jpg 1024w, https:\/\/www.diem.com.tr\/wp-content\/uploads\/2025\/09\/lean-management-seminar-after-blog-cover-scaled-e1766385802166-300x230.jpg 300w, https:\/\/www.diem.com.tr\/wp-content\/uploads\/2025\/09\/lean-management-seminar-after-blog-cover-scaled-e1766385802166-768x589.jpg 768w, https:\/\/www.diem.com.tr\/wp-content\/uploads\/2025\/09\/lean-management-seminar-after-blog-cover-scaled-e1766385802166-1536x1178.jpg 1536w, https:\/\/www.diem.com.tr\/wp-content\/uploads\/2025\/09\/lean-management-seminar-after-blog-cover-scaled-e1766385802166-16x12.jpg 16w, https:\/\/www.diem.com.tr\/wp-content\/uploads\/2025\/09\/lean-management-seminar-after-blog-cover-scaled-e1766385802166-440x337.jpg 440w, https:\/\/www.diem.com.tr\/wp-content\/uploads\/2025\/09\/lean-management-seminar-after-blog-cover-scaled-e1766385802166.jpg 1950w\" sizes=\"(max-width: 1024px) 100vw, 1024px\" \/><\/p>\n<h2 data-start=\"1429\" data-end=\"1534\">Carpe Diem: A Reflection of Togetherness and Energy<\/h2>\n<p data-start=\"1800\" data-end=\"1980\" class=\"translation-block\">The Carpe Diem magazines we published in 2025 became an important communication tool reflecting Diem\u2019s corporate energy and team spirit. Published three times a year, this internal publication offered a holistic content structure that included:<\/p>\n<p data-start=\"1800\" data-end=\"1980\">It offered a comprehensive content structure that included current news and events; anniversaries and new team members; recommendation sections for books, films, exhibitions and different areas of interest; ongoing and completed projects, thereby nurturing the corporate memory.<\/p>\n<h2>One Team: A Living Corporate Culture<\/h2>\n<p data-start=\"1117\" data-end=\"1338\" class=\"translation-block\">The One Team gatherings we introduced to keep team spirit alive became one of the strongest pillars of 2025. Held on the last Friday of every month at our headquarters, these events included presentations, workshops, and birthday celebrations for our colleagues\u2014highlighting not only working together, but also creating and celebrating together.<\/p>\n<p data-start=\"1117\" data-end=\"1338\"><img loading=\"lazy\" decoding=\"async\" class=\"alignnone wp-image-10842 size-large\" src=\"https:\/\/www.diem.com.tr\/wp-content\/uploads\/2025\/12\/OneTeam-1024x576.jpg\" alt=\"2025 y\u0131l\u0131nda yap\u0131lan Tek Tak\u0131m etkinli\u011fi May\u0131s ay\u0131 g\u00f6rseli\" width=\"1024\" height=\"576\" srcset=\"https:\/\/www.diem.com.tr\/wp-content\/uploads\/2025\/12\/OneTeam-1024x576.jpg 1024w, https:\/\/www.diem.com.tr\/wp-content\/uploads\/2025\/12\/OneTeam-300x169.jpg 300w, https:\/\/www.diem.com.tr\/wp-content\/uploads\/2025\/12\/OneTeam-768x432.jpg 768w, https:\/\/www.diem.com.tr\/wp-content\/uploads\/2025\/12\/OneTeam-18x10.jpg 18w, https:\/\/www.diem.com.tr\/wp-content\/uploads\/2025\/12\/OneTeam-440x248.jpg 440w, https:\/\/www.diem.com.tr\/wp-content\/uploads\/2025\/12\/OneTeam.jpg 1280w\" sizes=\"(max-width: 1024px) 100vw, 1024px\" \/><\/p>\n<p data-start=\"2423\" data-end=\"2654\" class=\"translation-block\">For Diem, 2025 was not just a year left behind; it became a solid reference point for 2026 and beyond. Moving forward, we will continue our journey as a structure that produces together, thinks together, and designs with a strong sense of responsibility.<\/p>\n<p data-start=\"2423\" data-end=\"2654\"><img loading=\"lazy\" decoding=\"async\" class=\"alignnone wp-image-10768 size-large\" src=\"https:\/\/www.diem.com.tr\/wp-content\/uploads\/2025\/11\/case-study-FERKOAMZ-photos-2-1024x771.jpeg\" alt=\"Y\u0131l boyunca tamamlanan mimari ve i\u00e7 mimari projeler \u00f6rnekleri\" width=\"1024\" height=\"771\" srcset=\"https:\/\/www.diem.com.tr\/wp-content\/uploads\/2025\/11\/case-study-FERKOAMZ-photos-2-1024x771.jpeg 1024w, https:\/\/www.diem.com.tr\/wp-content\/uploads\/2025\/11\/case-study-FERKOAMZ-photos-2-300x226.jpeg 300w, https:\/\/www.diem.com.tr\/wp-content\/uploads\/2025\/11\/case-study-FERKOAMZ-photos-2-768x578.jpeg 768w, https:\/\/www.diem.com.tr\/wp-content\/uploads\/2025\/11\/case-study-FERKOAMZ-photos-2-1536x1156.jpeg 1536w, https:\/\/www.diem.com.tr\/wp-content\/uploads\/2025\/11\/case-study-FERKOAMZ-photos-2-16x12.jpeg 16w, https:\/\/www.diem.com.tr\/wp-content\/uploads\/2025\/11\/case-study-FERKOAMZ-photos-2-440x331.jpeg 440w, https:\/\/www.diem.com.tr\/wp-content\/uploads\/2025\/11\/case-study-FERKOAMZ-photos-2.jpeg 1600w\" sizes=\"(max-width: 1024px) 100vw, 1024px\" \/><\/p>\n<p data-start=\"2423\" data-end=\"2654\" class=\"translation-block\">You can explore the projects we completed in 2025 in our previous blog post.<\/p>\n<p data-start=\"2423\" data-end=\"2654\">","protected":false},"excerpt":{"rendered":"<p>Her y\u0131l\u0131n sonunda d\u00f6n\u00fcp bakt\u0131\u011f\u0131m\u0131zda, geride sadece projeler de\u011fil; birlikte kurulan ili\u015fkiler, payla\u015f\u0131lan anlar ve s\u00fcre\u00e7 boyunca \u00f6\u011frendiklerimiz kal\u0131yor. 2025, Diem i\u00e7in tam da b\u00f6yle ge\u00e7ti: temposu y\u00fcksek, bolca \u00fcreten, \u00f6\u011freten ve bize ilham veren bir y\u0131l oldu. 2026: Stratejik [&hellip;]<\/p>\n","protected":false},"author":2,"featured_media":10830,"comment_status":"open","ping_status":"open","sticky":false,"template":"","format":"standard","meta":{"om_disable_all_campaigns":false,"_monsterinsights_skip_tracking":false,"_monsterinsights_sitenote_active":false,"_monsterinsights_sitenote_note":"","_monsterinsights_sitenote_category":0,"footnotes":""},"categories":[65],"tags":[],"class_list":["post-10821","post","type-post","status-publish","format-standard","has-post-thumbnail","hentry","category-haber"],"aioseo_notices":[],"_links":{"self":[{"href":"https:\/\/www.diem.com.tr\/en\/wp-json\/wp\/v2\/posts\/10821","targetHints":{"allow":["GET"]}}],"collection":[{"href":"https:\/\/www.diem.com.tr\/en\/wp-json\/wp\/v2\/posts"}],"about":[{"href":"https:\/\/www.diem.com.tr\/en\/wp-json\/wp\/v2\/types\/post"}],"author":[{"embeddable":true,"href":"https:\/\/www.diem.com.tr\/en\/wp-json\/wp\/v2\/users\/2"}],"replies":[{"embeddable":true,"href":"https:\/\/www.diem.com.tr\/en\/wp-json\/wp\/v2\/comments?post=10821"}],"version-history":[{"count":29,"href":"https:\/\/www.diem.com.tr\/en\/wp-json\/wp\/v2\/posts\/10821\/revisions"}],"predecessor-version":[{"id":10862,"href":"https:\/\/www.diem.com.tr\/en\/wp-json\/wp\/v2\/posts\/10821\/revisions\/10862"}],"wp:featuredmedia":[{"embeddable":true,"href":"https:\/\/www.diem.com.tr\/en\/wp-json\/wp\/v2\/media\/10830"}],"wp:attachment":[{"href":"https:\/\/www.diem.com.tr\/en\/wp-json\/wp\/v2\/media?parent=10821"}],"wp:term":[{"taxonomy":"category","embeddable":true,"href":"https:\/\/www.diem.com.tr\/en\/wp-json\/wp\/v2\/categories?post=10821"},{"taxonomy":"post_tag","embeddable":true,"href":"https:\/\/www.diem.com.tr\/en\/wp-json\/wp\/v2\/tags?post=10821"}],"curies":[{"name":"wp","href":"https:\/\/api.w.org\/{rel}","templated":true}]}}