{"id":8244,"date":"2024-01-24T08:21:57","date_gmt":"2024-01-24T08:21:57","guid":{"rendered":"https:\/\/www.diem.com.tr\/?p=8244"},"modified":"2024-01-24T08:42:49","modified_gmt":"2024-01-24T08:42:49","slug":"alman-turk-ticaret-sanayi-odasina-uye-oldu","status":"publish","type":"post","link":"https:\/\/www.diem.com.tr\/en\/alman-turk-ticaret-sanayi-odasina-uye-oldu\/","title":{"rendered":"Diem Becomes a Member of the German-Turkish Chamber of Commerce and Industry!"},"content":{"rendered":"<p>As Diem M\u00fchendislik Mimarl\u0131k, we expanded our network in the international business world and became a member of the German-Turkish Chamber of Commerce and Industry. This membership is considered as part of our company's strategy to strengthen and further develop international cooperation.<\/p>\n<p>Membership of the German-Turkish Chamber of Commerce and Industry offers Diem M\u00fchendislik Mimarl\u0131k the potential for new business opportunities and a stronger position in international trade. With this membership, we plan to gain access to a wider business network, providing better service to our customers and promoting our projects more effectively in the international arena.<\/p>\n<p>As Diem M\u00fchendislik Mimarl\u0131k, we see our membership to the German-Turkish Chamber of Commerce and Industry as an important step towards our goals of creating a strong international co-operation network and further expanding our business. We wish that our co-operation will continue to grow stronger.<\/p>\n<p><a href=\"https:\/\/www.dtr-ihk.de\/tr\/\" target=\"_blank\" rel=\"noopener\"><img fetchpriority=\"high\" decoding=\"async\" class=\"alignnone size-large wp-image-8237\" src=\"https:\/\/www.diem.com.tr\/wp-content\/uploads\/2024\/01\/Mitgliederkarte_2024-1024x280.png\" alt=\"\" width=\"1024\" height=\"280\" srcset=\"https:\/\/www.diem.com.tr\/wp-content\/uploads\/2024\/01\/Mitgliederkarte_2024-1024x280.png 1024w, https:\/\/www.diem.com.tr\/wp-content\/uploads\/2024\/01\/Mitgliederkarte_2024-300x82.png 300w, https:\/\/www.diem.com.tr\/wp-content\/uploads\/2024\/01\/Mitgliederkarte_2024-768x210.png 768w, https:\/\/www.diem.com.tr\/wp-content\/uploads\/2024\/01\/Mitgliederkarte_2024-1536x421.png 1536w, https:\/\/www.diem.com.tr\/wp-content\/uploads\/2024\/01\/Mitgliederkarte_2024-2048x561.png 2048w, https:\/\/www.diem.com.tr\/wp-content\/uploads\/2024\/01\/Mitgliederkarte_2024-18x5.png 18w, https:\/\/www.diem.com.tr\/wp-content\/uploads\/2024\/01\/Mitgliederkarte_2024-440x120.png 440w\" sizes=\"(max-width: 1024px) 100vw, 1024px\" \/><\/a><\/p>","protected":false},"excerpt":{"rendered":"<p>Diem M\u00fchendislik Mimarl\u0131k olarak, uluslararas\u0131 i\u015f d\u00fcnyas\u0131ndaki a\u011f\u0131m\u0131z\u0131 geni\u015fleterek Alman-T\u00fcrk Ticaret ve Sanayi Odas\u0131&#8217;na \u00fcye olduk. Bu \u00fcyelik, \u015firketimizin uluslararas\u0131 i\u015f birliklerini g\u00fc\u00e7lendirme ve daha da geli\u015ftirme stratejisinin bir par\u00e7as\u0131 olarak kabul ediliyor. Alman-T\u00fcrk Ticaret ve Sanayi Odas\u0131 \u00fcyeli\u011fi, Diem [&hellip;]<\/p>\n","protected":false},"author":1,"featured_media":8247,"comment_status":"open","ping_status":"open","sticky":false,"template":"","format":"standard","meta":{"om_disable_all_campaigns":false,"_monsterinsights_skip_tracking":false,"_monsterinsights_sitenote_active":false,"_monsterinsights_sitenote_note":"","_monsterinsights_sitenote_category":0,"footnotes":""},"categories":[65],"tags":[],"class_list":["post-8244","post","type-post","status-publish","format-standard","has-post-thumbnail","hentry","category-haber"],"aioseo_notices":[],"_links":{"self":[{"href":"https:\/\/www.diem.com.tr\/en\/wp-json\/wp\/v2\/posts\/8244","targetHints":{"allow":["GET"]}}],"collection":[{"href":"https:\/\/www.diem.com.tr\/en\/wp-json\/wp\/v2\/posts"}],"about":[{"href":"https:\/\/www.diem.com.tr\/en\/wp-json\/wp\/v2\/types\/post"}],"author":[{"embeddable":true,"href":"https:\/\/www.diem.com.tr\/en\/wp-json\/wp\/v2\/users\/1"}],"replies":[{"embeddable":true,"href":"https:\/\/www.diem.com.tr\/en\/wp-json\/wp\/v2\/comments?post=8244"}],"version-history":[{"count":1,"href":"https:\/\/www.diem.com.tr\/en\/wp-json\/wp\/v2\/posts\/8244\/revisions"}],"predecessor-version":[{"id":8245,"href":"https:\/\/www.diem.com.tr\/en\/wp-json\/wp\/v2\/posts\/8244\/revisions\/8245"}],"wp:featuredmedia":[{"embeddable":true,"href":"https:\/\/www.diem.com.tr\/en\/wp-json\/wp\/v2\/media\/8247"}],"wp:attachment":[{"href":"https:\/\/www.diem.com.tr\/en\/wp-json\/wp\/v2\/media?parent=8244"}],"wp:term":[{"taxonomy":"category","embeddable":true,"href":"https:\/\/www.diem.com.tr\/en\/wp-json\/wp\/v2\/categories?post=8244"},{"taxonomy":"post_tag","embeddable":true,"href":"https:\/\/www.diem.com.tr\/en\/wp-json\/wp\/v2\/tags?post=8244"}],"curies":[{"name":"wp","href":"https:\/\/api.w.org\/{rel}","templated":true}]}}