{"id":8555,"date":"2024-03-03T07:09:49","date_gmt":"2024-03-03T07:09:49","guid":{"rendered":"https:\/\/www.diem.com.tr\/?p=8555"},"modified":"2024-03-20T06:56:05","modified_gmt":"2024-03-20T06:56:05","slug":"studio-alliance-uyeleri-madridde-bir-araya-geliyor","status":"publish","type":"post","link":"https:\/\/www.diem.com.tr\/en\/studio-alliance-uyeleri-madridde-bir-araya-geliyor\/","title":{"rendered":"Studio Alliance Members Are Coming Together in Madrid!"},"content":{"rendered":"<p class=\"translation-block\">Studio Alliance members, of which we are among the founding members, will come together in Madrid on March 5-7, 2024. The highly anticipated first meeting of 2024 will be hosted by Group Cador, the Spain-based member of Studio Alliance. Full of inspiring presentations, workshops and events, the sustainability and technology themed program awaits participants with pleasant experiences.<\/p>\n<p>See you in Madrid!<\/p>\n<p>&nbsp;<\/p>\n<p><img fetchpriority=\"high\" decoding=\"async\" class=\"alignnone size-large wp-image-8556\" src=\"https:\/\/www.diem.com.tr\/wp-content\/uploads\/2024\/03\/sa-uyeleri-madridde-bir-araya-geliyor-kapak-1024x576.png\" alt=\"\" width=\"1024\" height=\"576\" srcset=\"https:\/\/www.diem.com.tr\/wp-content\/uploads\/2024\/03\/sa-uyeleri-madridde-bir-araya-geliyor-kapak-1024x576.png 1024w, https:\/\/www.diem.com.tr\/wp-content\/uploads\/2024\/03\/sa-uyeleri-madridde-bir-araya-geliyor-kapak-300x169.png 300w, https:\/\/www.diem.com.tr\/wp-content\/uploads\/2024\/03\/sa-uyeleri-madridde-bir-araya-geliyor-kapak-768x432.png 768w, https:\/\/www.diem.com.tr\/wp-content\/uploads\/2024\/03\/sa-uyeleri-madridde-bir-araya-geliyor-kapak-18x10.png 18w, https:\/\/www.diem.com.tr\/wp-content\/uploads\/2024\/03\/sa-uyeleri-madridde-bir-araya-geliyor-kapak-440x248.png 440w, https:\/\/www.diem.com.tr\/wp-content\/uploads\/2024\/03\/sa-uyeleri-madridde-bir-araya-geliyor-kapak.png 1536w\" sizes=\"(max-width: 1024px) 100vw, 1024px\" \/><\/p>","protected":false},"excerpt":{"rendered":"<p>Kurucu \u00fcyelerinden oldu\u011fumuz Studio Alliance \u00fcyeleri 5-7 Mart 2024 tarihlerinde Madrid&#8217;de bir araya geliyor. Heyecanla beklenen 2024&#8217;\u00fcn ilk bulu\u015fmas\u0131nda, Studio Alliance\u2019in \u0130spanya merkezli \u00fcyesi Group Cador ev sahipli\u011fi yap\u0131yor. \u0130lham veren sunumlar, workshoplar ve aktivitelerle dolu; s\u00fcrd\u00fcr\u00fclebilirlik ve teknoloji temal\u0131 [&hellip;]<\/p>\n","protected":false},"author":1,"featured_media":8556,"comment_status":"open","ping_status":"open","sticky":false,"template":"","format":"standard","meta":{"om_disable_all_campaigns":false,"_monsterinsights_skip_tracking":false,"_monsterinsights_sitenote_active":false,"_monsterinsights_sitenote_note":"","_monsterinsights_sitenote_category":0,"footnotes":""},"categories":[65,74],"tags":[],"class_list":["post-8555","post","type-post","status-publish","format-standard","has-post-thumbnail","hentry","category-haber","category-studio-alliance"],"aioseo_notices":[],"_links":{"self":[{"href":"https:\/\/www.diem.com.tr\/en\/wp-json\/wp\/v2\/posts\/8555","targetHints":{"allow":["GET"]}}],"collection":[{"href":"https:\/\/www.diem.com.tr\/en\/wp-json\/wp\/v2\/posts"}],"about":[{"href":"https:\/\/www.diem.com.tr\/en\/wp-json\/wp\/v2\/types\/post"}],"author":[{"embeddable":true,"href":"https:\/\/www.diem.com.tr\/en\/wp-json\/wp\/v2\/users\/1"}],"replies":[{"embeddable":true,"href":"https:\/\/www.diem.com.tr\/en\/wp-json\/wp\/v2\/comments?post=8555"}],"version-history":[{"count":1,"href":"https:\/\/www.diem.com.tr\/en\/wp-json\/wp\/v2\/posts\/8555\/revisions"}],"predecessor-version":[{"id":8557,"href":"https:\/\/www.diem.com.tr\/en\/wp-json\/wp\/v2\/posts\/8555\/revisions\/8557"}],"wp:featuredmedia":[{"embeddable":true,"href":"https:\/\/www.diem.com.tr\/en\/wp-json\/wp\/v2\/media\/8556"}],"wp:attachment":[{"href":"https:\/\/www.diem.com.tr\/en\/wp-json\/wp\/v2\/media?parent=8555"}],"wp:term":[{"taxonomy":"category","embeddable":true,"href":"https:\/\/www.diem.com.tr\/en\/wp-json\/wp\/v2\/categories?post=8555"},{"taxonomy":"post_tag","embeddable":true,"href":"https:\/\/www.diem.com.tr\/en\/wp-json\/wp\/v2\/tags?post=8555"}],"curies":[{"name":"wp","href":"https:\/\/api.w.org\/{rel}","templated":true}]}}