{"id":8558,"date":"2024-03-08T07:28:22","date_gmt":"2024-03-08T07:28:22","guid":{"rendered":"https:\/\/www.diem.com.tr\/?p=8558"},"modified":"2024-03-15T07:52:13","modified_gmt":"2024-03-15T07:52:13","slug":"15-farkli-avrupa-ulkesinden-gelen-studio-alliance-uyeleri-madridde-toplandi","status":"publish","type":"post","link":"https:\/\/www.diem.com.tr\/en\/15-farkli-avrupa-ulkesinden-gelen-studio-alliance-uyeleri-madridde-toplandi\/","title":{"rendered":"Studio Alliance Members from 15 Different European Countries Gathered in Madrid!"},"content":{"rendered":"<p class=\"translation-block\">Studio Alliance's first conference of 2024 took place on March 7th in Madrid, where we came together with our members from all over Europe. It was great to meet our new member in our meeting where the exchange of ideas and information flow was intense.<\/p>\n<p>Our agenda included technology, sustainability, the future of real estate assets, diversity, communication between teams and artificial intelligence. We had a very productive and fun time.<\/p>\n<p><img fetchpriority=\"high\" decoding=\"async\" class=\"alignnone size-large wp-image-8563\" src=\"https:\/\/www.diem.com.tr\/wp-content\/uploads\/2024\/03\/IMG-20240308-WA0001-1024x768.jpg\" alt=\"\" width=\"1024\" height=\"768\" srcset=\"https:\/\/www.diem.com.tr\/wp-content\/uploads\/2024\/03\/IMG-20240308-WA0001-1024x768.jpg 1024w, https:\/\/www.diem.com.tr\/wp-content\/uploads\/2024\/03\/IMG-20240308-WA0001-300x225.jpg 300w, https:\/\/www.diem.com.tr\/wp-content\/uploads\/2024\/03\/IMG-20240308-WA0001-768x576.jpg 768w, https:\/\/www.diem.com.tr\/wp-content\/uploads\/2024\/03\/IMG-20240308-WA0001-1536x1152.jpg 1536w, https:\/\/www.diem.com.tr\/wp-content\/uploads\/2024\/03\/IMG-20240308-WA0001-16x12.jpg 16w, https:\/\/www.diem.com.tr\/wp-content\/uploads\/2024\/03\/IMG-20240308-WA0001-440x330.jpg 440w, https:\/\/www.diem.com.tr\/wp-content\/uploads\/2024\/03\/IMG-20240308-WA0001.jpg 2048w\" sizes=\"(max-width: 1024px) 100vw, 1024px\" \/><\/p>\n<p>Many thanks to our Spanish member Grupo Cador for hosting us in their beautiful city and making this meeting possible!<\/p>\n<p>There were spectacular presentations.<\/p>\n<ul>\n<li class=\"translation-block\"><a href=\"https:\/\/www.linkedin.com\/in\/martinoamalia\/\" target=\"_blank\" rel=\"noopener\"><strong>Amalia Martino<\/strong><\/a> around team cross pollination, collaboration and engagement<\/li>\n<li><a href=\"https:\/\/www.linkedin.com\/in\/karlo-jozic\/\" target=\"_blank\" rel=\"noopener\">Karlo Jozic<\/a> on the power of AI applied to design<\/li>\n<li class=\"translation-block\"><a href=\"https:\/\/www.linkedin.com\/in\/anouk-khan\/\" target=\"_blank\" rel=\"noopener\"><strong>Anouk Khan<\/strong><\/a> about inclusivity, diversity and equality<\/li>\n<li class=\"translation-block\"><a href=\"https:\/\/www.linkedin.com\/in\/beatrice-ronchetti\/\" target=\"_blank\" rel=\"noopener\"><strong>Beatrice Ronchetti<\/strong><\/a> leading a LinkedIn masterclass around personal branding and navigating the platform effectively for growth.<\/li>\n<\/ul>\n<p><img decoding=\"async\" class=\"alignnone size-large wp-image-8562\" src=\"https:\/\/www.diem.com.tr\/wp-content\/uploads\/2024\/03\/IMG-20240307-WA0017-1024x770.jpg\" alt=\"\" width=\"1024\" height=\"770\" srcset=\"https:\/\/www.diem.com.tr\/wp-content\/uploads\/2024\/03\/IMG-20240307-WA0017-1024x770.jpg 1024w, https:\/\/www.diem.com.tr\/wp-content\/uploads\/2024\/03\/IMG-20240307-WA0017-300x225.jpg 300w, https:\/\/www.diem.com.tr\/wp-content\/uploads\/2024\/03\/IMG-20240307-WA0017-768x577.jpg 768w, https:\/\/www.diem.com.tr\/wp-content\/uploads\/2024\/03\/IMG-20240307-WA0017-1536x1154.jpg 1536w, https:\/\/www.diem.com.tr\/wp-content\/uploads\/2024\/03\/IMG-20240307-WA0017-16x12.jpg 16w, https:\/\/www.diem.com.tr\/wp-content\/uploads\/2024\/03\/IMG-20240307-WA0017-440x331.jpg 440w, https:\/\/www.diem.com.tr\/wp-content\/uploads\/2024\/03\/IMG-20240307-WA0017.jpg 2048w\" sizes=\"(max-width: 1024px) 100vw, 1024px\" \/><\/p>\n<p>We are incredibly proud to be joined by Europe's leading workplace experts - see you again at the next conference in London very soon!<\/p>\n<p><img decoding=\"async\" class=\"alignnone size-large wp-image-8561\" src=\"https:\/\/www.diem.com.tr\/wp-content\/uploads\/2024\/03\/1710000971721-1024x768.jpeg\" alt=\"\" width=\"1024\" height=\"768\" srcset=\"https:\/\/www.diem.com.tr\/wp-content\/uploads\/2024\/03\/1710000971721-1024x768.jpeg 1024w, https:\/\/www.diem.com.tr\/wp-content\/uploads\/2024\/03\/1710000971721-300x225.jpeg 300w, https:\/\/www.diem.com.tr\/wp-content\/uploads\/2024\/03\/1710000971721-768x576.jpeg 768w, https:\/\/www.diem.com.tr\/wp-content\/uploads\/2024\/03\/1710000971721-1536x1152.jpeg 1536w, https:\/\/www.diem.com.tr\/wp-content\/uploads\/2024\/03\/1710000971721-16x12.jpeg 16w, https:\/\/www.diem.com.tr\/wp-content\/uploads\/2024\/03\/1710000971721-440x330.jpeg 440w, https:\/\/www.diem.com.tr\/wp-content\/uploads\/2024\/03\/1710000971721.jpeg 2048w\" sizes=\"(max-width: 1024px) 100vw, 1024px\" \/><\/p>","protected":false},"excerpt":{"rendered":"<p>Avrupa\u2019n\u0131n d\u00f6rt bir yan\u0131ndan \u00fcyelerimizle bir araya geldi\u011fimiz Studio Alliance\u2018\u0131n 2024\u2019\u00fcn ilk konferans\u0131 7 Martta Madrid\u2019de ger\u00e7ekle\u015fti. Fikir al\u0131\u015fveri\u015fi ve bilgi ak\u0131\u015f\u0131n\u0131n yo\u011fun oldu\u011fu toplant\u0131m\u0131zda, yeni \u00fcyemizle tan\u0131\u015fmak harikayd\u0131. G\u00fcndemimizde; teknoloji, s\u00fcrd\u00fcr\u00fclebilirlik, gayrimenkul varl\u0131klar\u0131n\u0131n gelece\u011fi, \u00e7e\u015fitlilik, ekipler aras\u0131 ileti\u015fim ve [&hellip;]<\/p>\n","protected":false},"author":1,"featured_media":8560,"comment_status":"open","ping_status":"open","sticky":false,"template":"","format":"standard","meta":{"om_disable_all_campaigns":false,"_monsterinsights_skip_tracking":false,"_monsterinsights_sitenote_active":false,"_monsterinsights_sitenote_note":"","_monsterinsights_sitenote_category":0,"footnotes":""},"categories":[65,74],"tags":[],"class_list":["post-8558","post","type-post","status-publish","format-standard","has-post-thumbnail","hentry","category-haber","category-studio-alliance"],"aioseo_notices":[],"_links":{"self":[{"href":"https:\/\/www.diem.com.tr\/en\/wp-json\/wp\/v2\/posts\/8558","targetHints":{"allow":["GET"]}}],"collection":[{"href":"https:\/\/www.diem.com.tr\/en\/wp-json\/wp\/v2\/posts"}],"about":[{"href":"https:\/\/www.diem.com.tr\/en\/wp-json\/wp\/v2\/types\/post"}],"author":[{"embeddable":true,"href":"https:\/\/www.diem.com.tr\/en\/wp-json\/wp\/v2\/users\/1"}],"replies":[{"embeddable":true,"href":"https:\/\/www.diem.com.tr\/en\/wp-json\/wp\/v2\/comments?post=8558"}],"version-history":[{"count":7,"href":"https:\/\/www.diem.com.tr\/en\/wp-json\/wp\/v2\/posts\/8558\/revisions"}],"predecessor-version":[{"id":8571,"href":"https:\/\/www.diem.com.tr\/en\/wp-json\/wp\/v2\/posts\/8558\/revisions\/8571"}],"wp:featuredmedia":[{"embeddable":true,"href":"https:\/\/www.diem.com.tr\/en\/wp-json\/wp\/v2\/media\/8560"}],"wp:attachment":[{"href":"https:\/\/www.diem.com.tr\/en\/wp-json\/wp\/v2\/media?parent=8558"}],"wp:term":[{"taxonomy":"category","embeddable":true,"href":"https:\/\/www.diem.com.tr\/en\/wp-json\/wp\/v2\/categories?post=8558"},{"taxonomy":"post_tag","embeddable":true,"href":"https:\/\/www.diem.com.tr\/en\/wp-json\/wp\/v2\/tags?post=8558"}],"curies":[{"name":"wp","href":"https:\/\/api.w.org\/{rel}","templated":true}]}}